{"id":1077,"date":"2023-05-05T04:23:10","date_gmt":"2023-05-05T04:23:10","guid":{"rendered":"https:\/\/lesindomptables.online\/?p=1077"},"modified":"2023-05-05T04:23:11","modified_gmt":"2023-05-05T04:23:11","slug":"zelenskyy-veut-un-proces-contre-poutine-la-russie-accuse-les-etats-unis-au-sujet-des-drones","status":"publish","type":"post","link":"https:\/\/lesindomptables.online\/index.php\/2023\/05\/05\/zelenskyy-veut-un-proces-contre-poutine-la-russie-accuse-les-etats-unis-au-sujet-des-drones\/","title":{"rendered":"Zelenskyy veut un proc\u00e8s contre Poutine ; la Russie accuse les \u00c9tats-Unis au sujet des drones."},"content":{"rendered":"\n<p><br><\/p>\n\n\n\n<figure class=\"wp-block-image size-full\"><img fetchpriority=\"high\" decoding=\"async\" width=\"260\" height=\"194\" src=\"https:\/\/lesindomptables.online\/wp-content\/uploads\/2023\/05\/telechargement-36.jpg\" alt=\"\" class=\"wp-image-1078\"\/><\/figure>\n\n\n\n<p>La HAYE, Pays-Bas  &#8211; L&rsquo;Ukraine et la Russie ont intensifi\u00e9 leur rh\u00e9torique de guerre jeudi, le pr\u00e9sident ukrainien Volodymyr Zelenskyy exprimant sa confiance dans le fait que Vladimir Poutine serait condamn\u00e9 pour crimes de guerre, et le Kremlin all\u00e9guant que les \u00c9tats-Unis \u00e9taient derri\u00e8re ce qu&rsquo;il appelle une tentative d&rsquo;assassinat contre le pr\u00e9sident russe.<\/p>\n\n\n\n<p>Les dirigeants des deux pays se sont attaqu\u00e9s personnellement \u00e0 plusieurs reprises au cours de la guerre que la Russie a d\u00e9clench\u00e9e en envahissant l&rsquo;Ukraine en f\u00e9vrier 2022. La derni\u00e8re flamb\u00e9e en date a eu lieu mercredi, lorsque la Russie a affirm\u00e9 que l&rsquo;Ukraine avait attaqu\u00e9 le Kremlin \u00e0 Moscou avec des drones destin\u00e9s \u00e0 assassiner M. Poutine.<\/p>\n\n\n\n<p>M. Zelenskyy a ni\u00e9 que les forces ukrainiennes \u00e9taient responsables de cette pr\u00e9tendue attaque de drones. Le Kremlin a promis des repr\u00e9sailles non pr\u00e9cis\u00e9es pour ce qu&rsquo;il a qualifi\u00e9 d&rsquo;acte \u00ab\u00a0terroriste\u00a0\u00bb, et des personnalit\u00e9s pro-Kremlin ont appel\u00e9 \u00e0 l&rsquo;assassinat de hauts dirigeants ukrainiens.<\/p>\n\n\n\n<p>L&rsquo;incertitude plane toujours sur ce qui s&rsquo;est pass\u00e9 exactement lors de cette pr\u00e9tendue attaque.<br>Jeudi, le porte-parole de M. Poutine a accus\u00e9 les \u00c9tats-Unis d&rsquo;\u00eatre impliqu\u00e9s. Pour susciter un soutien interne \u00e0 la guerre, Moscou a souvent tent\u00e9 d&rsquo;accuser Washington d&rsquo;essayer de d\u00e9truire la Russie en aidant l&rsquo;Ukraine.<\/p>\n\n\n\n<p>Le porte-parole du Kremlin, Dmitri Peskov, a d\u00e9clar\u00e9 aux journalistes lors d&rsquo;une conf\u00e9rence t\u00e9l\u00e9phonique quotidienne que le Kremlin \u00e9tait \u00ab\u00a0bien conscient que la d\u00e9cision concernant de telles actions et attaques terroristes n&rsquo;est pas prise \u00e0 Kiev, mais \u00e0 Washington\u00a0\u00bb.<br>\u00ab\u00a0Et Kiev fait ce qu&rsquo;on lui dit de faire\u00a0\u00bb, a ajout\u00e9 M. Peskov, sans fournir de preuves de ce qu&rsquo;il avan\u00e7ait.<\/p>\n\n\n\n<p>John Kirby, porte-parole du Conseil national de s\u00e9curit\u00e9 des \u00c9tats-Unis \u00e0 la Maison Blanche, a qualifi\u00e9 cette affirmation de \u00ab\u00a0ridicule\u00a0\u00bb. M. Zelenskyy, qui se trouve aux Pays-Bas, a d\u00e9clar\u00e9 qu&rsquo;il n&rsquo;\u00e9tait \u00ab\u00a0pas int\u00e9ress\u00e9\u00a0\u00bb par l&rsquo;avis du Kremlin.<\/p>\n\n\n\n<p>Les services de renseignement am\u00e9ricains tentent toujours de d\u00e9terminer qui est \u00e0 l&rsquo;origine de l&rsquo;incident du drone et explorent diverses possibilit\u00e9s, notamment une op\u00e9ration sous fausse banni\u00e8re de la Russie ou l&rsquo;implication d&rsquo;un groupe marginal ayant des sympathies pour l&rsquo;Ukraine, selon un responsable am\u00e9ricain.<\/p>\n\n\n\n<p>Ce responsable, qui s&rsquo;est exprim\u00e9 jeudi sous le couvert de l&rsquo;anonymat pour \u00e9voquer ce sujet sensible, a toutefois pr\u00e9cis\u00e9 que les services de renseignement n&rsquo;avaient pas encore de r\u00e9ponses d\u00e9finitives. Le fonctionnaire a ajout\u00e9 que l&rsquo;administration Biden \u00ab\u00a0ne soutiendrait certainement pas l&rsquo;attaque contre M. Poutine\u00a0\u00bb.<br>Le principal conseiller de M. Zelenskyy, Mykhailo Podolyak, a affirm\u00e9 jeudi que la Russie avait \u00ab\u00a0mis en sc\u00e8ne\u00a0\u00bb la pr\u00e9tendue attaque de drone. Il a cit\u00e9 le retard avec lequel les m\u00e9dias d&rsquo;\u00c9tat russes l&rsquo;ont rapport\u00e9e et des \u00ab\u00a0vid\u00e9os simultan\u00e9es sous diff\u00e9rents angles\u00a0\u00bb qui semblent montrer les cons\u00e9quences de l&rsquo;attaque pr\u00e9sum\u00e9e de 2 h 30 du matin.<\/p>\n\n\n\n<p>L&rsquo;Institut pour l&rsquo;\u00e9tude de la guerre, bas\u00e9 \u00e0 Washington, a \u00e9galement trouv\u00e9 des preuves de mise en sc\u00e8ne.<\/p>\n\n\n\n<p>\u00ab\u00a0La Russie a probablement mis en sc\u00e8ne cet attentat pour tenter de faire conna\u00eetre la guerre \u00e0 un public russe et cr\u00e9er les conditions d&rsquo;une mobilisation soci\u00e9tale plus large\u00a0\u00bb, a d\u00e9clar\u00e9 le groupe de r\u00e9flexion.<\/p>\n\n\n\n<p>Mais le fonctionnaire, qui s&rsquo;est exprim\u00e9 jeudi sous le couvert de l&rsquo;anonymat pour discuter de ce sujet sensible, a d\u00e9clar\u00e9 que les responsables du renseignement n&rsquo;avaient pas encore de r\u00e9ponses d\u00e9finitives. Le fonctionnaire a ajout\u00e9 que l&rsquo;administration Biden \u00ab\u00a0ne soutiendrait certainement pas l&rsquo;attaque contre M. Poutine\u00a0\u00bb.<br>Le principal conseiller de M. Zelenskyy, Mykhailo Podolyak, a affirm\u00e9 jeudi que la Russie avait \u00ab\u00a0mis en sc\u00e8ne\u00a0\u00bb la pr\u00e9tendue attaque de drone. Il a cit\u00e9 le retard avec lequel les m\u00e9dias d&rsquo;\u00c9tat russes l&rsquo;ont rapport\u00e9e et des \u00ab\u00a0vid\u00e9os simultan\u00e9es sous diff\u00e9rents angles\u00a0\u00bb qui semblent montrer les cons\u00e9quences de l&rsquo;attaque pr\u00e9sum\u00e9e de 2 h 30 du matin.<\/p>\n\n\n\n<p>L&rsquo;Institut pour l&rsquo;\u00e9tude de la guerre, bas\u00e9 \u00e0 Washington, a \u00e9galement trouv\u00e9 des preuves de mise en sc\u00e8ne.<\/p>\n\n\n\n<p>\u00ab\u00a0La Russie a probablement mis en sc\u00e8ne cet attentat pour tenter de faire conna\u00eetre la guerre \u00e0 un public russe et cr\u00e9er les conditions d&rsquo;une mobilisation soci\u00e9tale plus large\u00a0\u00bb, a d\u00e9clar\u00e9 le groupe de r\u00e9flexion.<\/p>\n\n\n\n<p>Compte tenu des r\u00e9centes mesures prises par la Russie pour renforcer la s\u00e9curit\u00e9, il est \u00ab\u00a0extr\u00eamement improbable que deux drones aient pu p\u00e9n\u00e9trer plusieurs couches de d\u00e9fense a\u00e9rienne et exploser ou \u00eatre abattus juste au-dessus du c\u0153ur du Kremlin d&rsquo;une mani\u00e8re qui ait fourni des images spectaculaires bien film\u00e9es\u00a0\u00bb, a d\u00e9clar\u00e9 l&rsquo;ISW.<br>\u00c0 La Haye, o\u00f9 si\u00e8ge la Cour p\u00e9nale internationale, M. Zelenskyy a exhort\u00e9 la communaut\u00e9 internationale \u00e0 demander des comptes \u00e0 M. Poutine et a d\u00e9clar\u00e9 aux juges de la Cour p\u00e9nale internationale que le dirigeant russe \u00ab\u00a0m\u00e9rite d&rsquo;\u00eatre condamn\u00e9 pour (ses) actes criminels ici m\u00eame, dans la capitale du droit international\u00a0\u00bb.<\/p>\n\n\n\n<p>En mars, la CPI a d\u00e9livr\u00e9 un mandat d&rsquo;arr\u00eat \u00e0 l&rsquo;encontre de M. Poutine pour crimes de guerre, l&rsquo;accusant d&rsquo;\u00eatre personnellement responsable des enl\u00e8vements d&rsquo;enfants en Ukraine. C&rsquo;\u00e9tait la premi\u00e8re fois que la Cour internationale d\u00e9livrait un mandat d&rsquo;arr\u00eat \u00e0 l&rsquo;encontre d&rsquo;un dirigeant de l&rsquo;un des cinq membres permanents du Conseil de s\u00e9curit\u00e9 de l&rsquo;ONU.<\/p>\n\n\n\n<p>Le pr\u00e9sident ukrainien a \u00e9galement profit\u00e9 de son voyage pour presser les premiers ministres belge et n\u00e9erlandais d&rsquo;envoyer des avions de guerre perfectionn\u00e9s afin que son pays puisse obtenir \u00ab\u00a0la justice sur le champ de bataille\u00a0\u00bb. Depuis le d\u00e9but de la guerre, M. Zelenskyy a r\u00e9ussi \u00e0 obtenir un important soutien militaire et politique de l&rsquo;Occident pour la d\u00e9fense de l&rsquo;Ukraine.<\/p>\n\n\n\n<p>La visite de M. Zelenskyy aux Pays-Bas a eu lieu le lendemain de sa visite en Finlande, pays qui a doubl\u00e9 la taille de la fronti\u00e8re de l&rsquo;OTAN avec la Russie lorsqu&rsquo;il a rejoint l&rsquo;alliance militaire le mois dernier, en grande partie en raison de ses inqui\u00e9tudes quant aux ambitions \u00e0 long terme de Moscou.<\/p>\n","protected":false},"excerpt":{"rendered":"<p>La HAYE, Pays-Bas &#8211; L&rsquo;Ukraine et la Russie ont intensifi\u00e9 leur rh\u00e9torique de guerre jeudi, le pr\u00e9sident ukrainien<\/p>\n","protected":false},"author":5,"featured_media":0,"comment_status":"open","ping_status":"open","sticky":false,"template":"","format":"standard","meta":{"om_disable_all_campaigns":false,"_monsterinsights_skip_tracking":false,"_monsterinsights_sitenote_active":false,"_monsterinsights_sitenote_note":"","_monsterinsights_sitenote_category":0,"_uf_show_specific_survey":0,"_uf_disable_surveys":false,"footnotes":""},"categories":[5,13],"tags":[359],"class_list":["post-1077","post","type-post","status-publish","format-standard","hentry","category-europe","category-geopolitique","tag-zelensky-haye"],"yoast_head":"<!-- This site is optimized with the Yoast SEO plugin v26.5 - https:\/\/yoast.com\/wordpress\/plugins\/seo\/ -->\n<title>Zelenskyy veut un proc\u00e8s contre Poutine ; la Russie accuse les \u00c9tats-Unis au sujet des drones. - Les indomptables<\/title>\n<meta name=\"robots\" content=\"index, follow, max-snippet:-1, max-image-preview:large, max-video-preview:-1\" \/>\n<link rel=\"canonical\" href=\"https:\/\/lesindomptables.online\/index.php\/2023\/05\/05\/zelenskyy-veut-un-proces-contre-poutine-la-russie-accuse-les-etats-unis-au-sujet-des-drones\/\" \/>\n<meta property=\"og:locale\" content=\"fr_FR\" \/>\n<meta property=\"og:type\" content=\"article\" \/>\n<meta property=\"og:title\" content=\"Zelenskyy veut un proc\u00e8s contre Poutine ; la Russie accuse les \u00c9tats-Unis au sujet des drones. - Les indomptables\" \/>\n<meta property=\"og:description\" content=\"La HAYE, Pays-Bas &#8211; L&rsquo;Ukraine et la Russie ont intensifi\u00e9 leur rh\u00e9torique de guerre jeudi, le pr\u00e9sident ukrainien\" \/>\n<meta property=\"og:url\" content=\"https:\/\/lesindomptables.online\/index.php\/2023\/05\/05\/zelenskyy-veut-un-proces-contre-poutine-la-russie-accuse-les-etats-unis-au-sujet-des-drones\/\" \/>\n<meta property=\"og:site_name\" content=\"Les indomptables\" \/>\n<meta property=\"article:published_time\" content=\"2023-05-05T04:23:10+00:00\" \/>\n<meta property=\"article:modified_time\" content=\"2023-05-05T04:23:11+00:00\" \/>\n<meta property=\"og:image\" content=\"https:\/\/lesindomptables.online\/wp-content\/uploads\/2023\/05\/telechargement-36.jpg\" \/>\n<meta name=\"author\" content=\"Justice M\u00e9moire ONGODO\" \/>\n<meta name=\"twitter:card\" content=\"summary_large_image\" \/>\n<meta name=\"twitter:label1\" content=\"\u00c9crit par\" \/>\n\t<meta name=\"twitter:data1\" content=\"Justice M\u00e9moire ONGODO\" \/>\n\t<meta name=\"twitter:label2\" content=\"Dur\u00e9e de lecture estim\u00e9e\" \/>\n\t<meta name=\"twitter:data2\" content=\"5 minutes\" \/>\n<script type=\"application\/ld+json\" class=\"yoast-schema-graph\">{\"@context\":\"https:\/\/schema.org\",\"@graph\":[{\"@type\":\"Article\",\"@id\":\"https:\/\/lesindomptables.online\/index.php\/2023\/05\/05\/zelenskyy-veut-un-proces-contre-poutine-la-russie-accuse-les-etats-unis-au-sujet-des-drones\/#article\",\"isPartOf\":{\"@id\":\"https:\/\/lesindomptables.online\/index.php\/2023\/05\/05\/zelenskyy-veut-un-proces-contre-poutine-la-russie-accuse-les-etats-unis-au-sujet-des-drones\/\"},\"author\":{\"name\":\"Justice M\u00e9moire ONGODO\",\"@id\":\"https:\/\/lesindomptables.online\/#\/schema\/person\/152fb1ae66618e7a6fb63e9cd6e55dfa\"},\"headline\":\"Zelenskyy veut un proc\u00e8s contre Poutine ; la Russie accuse les \u00c9tats-Unis au sujet des drones.\",\"datePublished\":\"2023-05-05T04:23:10+00:00\",\"dateModified\":\"2023-05-05T04:23:11+00:00\",\"mainEntityOfPage\":{\"@id\":\"https:\/\/lesindomptables.online\/index.php\/2023\/05\/05\/zelenskyy-veut-un-proces-contre-poutine-la-russie-accuse-les-etats-unis-au-sujet-des-drones\/\"},\"wordCount\":1096,\"commentCount\":0,\"publisher\":{\"@id\":\"https:\/\/lesindomptables.online\/#organization\"},\"image\":{\"@id\":\"https:\/\/lesindomptables.online\/index.php\/2023\/05\/05\/zelenskyy-veut-un-proces-contre-poutine-la-russie-accuse-les-etats-unis-au-sujet-des-drones\/#primaryimage\"},\"thumbnailUrl\":\"https:\/\/lesindomptables.online\/wp-content\/uploads\/2023\/05\/telechargement-36.jpg\",\"keywords\":[\"zelensky haye\"],\"articleSection\":[\"Europe\",\"G\u00e9opolitique\"],\"inLanguage\":\"fr-FR\",\"potentialAction\":[{\"@type\":\"CommentAction\",\"name\":\"Comment\",\"target\":[\"https:\/\/lesindomptables.online\/index.php\/2023\/05\/05\/zelenskyy-veut-un-proces-contre-poutine-la-russie-accuse-les-etats-unis-au-sujet-des-drones\/#respond\"]}]},{\"@type\":\"WebPage\",\"@id\":\"https:\/\/lesindomptables.online\/index.php\/2023\/05\/05\/zelenskyy-veut-un-proces-contre-poutine-la-russie-accuse-les-etats-unis-au-sujet-des-drones\/\",\"url\":\"https:\/\/lesindomptables.online\/index.php\/2023\/05\/05\/zelenskyy-veut-un-proces-contre-poutine-la-russie-accuse-les-etats-unis-au-sujet-des-drones\/\",\"name\":\"Zelenskyy veut un proc\u00e8s contre Poutine ; la Russie accuse les \u00c9tats-Unis au sujet des drones. - Les indomptables\",\"isPartOf\":{\"@id\":\"https:\/\/lesindomptables.online\/#website\"},\"primaryImageOfPage\":{\"@id\":\"https:\/\/lesindomptables.online\/index.php\/2023\/05\/05\/zelenskyy-veut-un-proces-contre-poutine-la-russie-accuse-les-etats-unis-au-sujet-des-drones\/#primaryimage\"},\"image\":{\"@id\":\"https:\/\/lesindomptables.online\/index.php\/2023\/05\/05\/zelenskyy-veut-un-proces-contre-poutine-la-russie-accuse-les-etats-unis-au-sujet-des-drones\/#primaryimage\"},\"thumbnailUrl\":\"https:\/\/lesindomptables.online\/wp-content\/uploads\/2023\/05\/telechargement-36.jpg\",\"datePublished\":\"2023-05-05T04:23:10+00:00\",\"dateModified\":\"2023-05-05T04:23:11+00:00\",\"breadcrumb\":{\"@id\":\"https:\/\/lesindomptables.online\/index.php\/2023\/05\/05\/zelenskyy-veut-un-proces-contre-poutine-la-russie-accuse-les-etats-unis-au-sujet-des-drones\/#breadcrumb\"},\"inLanguage\":\"fr-FR\",\"potentialAction\":[{\"@type\":\"ReadAction\",\"target\":[\"https:\/\/lesindomptables.online\/index.php\/2023\/05\/05\/zelenskyy-veut-un-proces-contre-poutine-la-russie-accuse-les-etats-unis-au-sujet-des-drones\/\"]}]},{\"@type\":\"ImageObject\",\"inLanguage\":\"fr-FR\",\"@id\":\"https:\/\/lesindomptables.online\/index.php\/2023\/05\/05\/zelenskyy-veut-un-proces-contre-poutine-la-russie-accuse-les-etats-unis-au-sujet-des-drones\/#primaryimage\",\"url\":\"https:\/\/lesindomptables.online\/wp-content\/uploads\/2023\/05\/telechargement-36.jpg\",\"contentUrl\":\"https:\/\/lesindomptables.online\/wp-content\/uploads\/2023\/05\/telechargement-36.jpg\",\"width\":260,\"height\":194},{\"@type\":\"BreadcrumbList\",\"@id\":\"https:\/\/lesindomptables.online\/index.php\/2023\/05\/05\/zelenskyy-veut-un-proces-contre-poutine-la-russie-accuse-les-etats-unis-au-sujet-des-drones\/#breadcrumb\",\"itemListElement\":[{\"@type\":\"ListItem\",\"position\":1,\"name\":\"Accueil\",\"item\":\"https:\/\/lesindomptables.online\/\"},{\"@type\":\"ListItem\",\"position\":2,\"name\":\"Zelenskyy veut un proc\u00e8s contre Poutine ; la Russie accuse les \u00c9tats-Unis au sujet des drones.\"}]},{\"@type\":\"WebSite\",\"@id\":\"https:\/\/lesindomptables.online\/#website\",\"url\":\"https:\/\/lesindomptables.online\/\",\"name\":\"Les indomptables\",\"description\":\"Le Site des indomptables\",\"publisher\":{\"@id\":\"https:\/\/lesindomptables.online\/#organization\"},\"potentialAction\":[{\"@type\":\"SearchAction\",\"target\":{\"@type\":\"EntryPoint\",\"urlTemplate\":\"https:\/\/lesindomptables.online\/?s={search_term_string}\"},\"query-input\":{\"@type\":\"PropertyValueSpecification\",\"valueRequired\":true,\"valueName\":\"search_term_string\"}}],\"inLanguage\":\"fr-FR\"},{\"@type\":\"Organization\",\"@id\":\"https:\/\/lesindomptables.online\/#organization\",\"name\":\"Les indomptables\",\"url\":\"https:\/\/lesindomptables.online\/\",\"logo\":{\"@type\":\"ImageObject\",\"inLanguage\":\"fr-FR\",\"@id\":\"https:\/\/lesindomptables.online\/#\/schema\/logo\/image\/\",\"url\":\"https:\/\/lesindomptables.online\/wp-content\/uploads\/2023\/01\/cropped-logo_site-2.png\",\"contentUrl\":\"https:\/\/lesindomptables.online\/wp-content\/uploads\/2023\/01\/cropped-logo_site-2.png\",\"width\":249,\"height\":107,\"caption\":\"Les indomptables\"},\"image\":{\"@id\":\"https:\/\/lesindomptables.online\/#\/schema\/logo\/image\/\"}},{\"@type\":\"Person\",\"@id\":\"https:\/\/lesindomptables.online\/#\/schema\/person\/152fb1ae66618e7a6fb63e9cd6e55dfa\",\"name\":\"Justice M\u00e9moire ONGODO\",\"image\":{\"@type\":\"ImageObject\",\"inLanguage\":\"fr-FR\",\"@id\":\"https:\/\/lesindomptables.online\/#\/schema\/person\/image\/\",\"url\":\"https:\/\/secure.gravatar.com\/avatar\/985cbabd07480b4a966870b47fd05b63fa7f7ea944c5dfc2d67cd9606a12809d?s=96&d=mm&r=g\",\"contentUrl\":\"https:\/\/secure.gravatar.com\/avatar\/985cbabd07480b4a966870b47fd05b63fa7f7ea944c5dfc2d67cd9606a12809d?s=96&d=mm&r=g\",\"caption\":\"Justice M\u00e9moire ONGODO\"},\"sameAs\":[\"https:\/\/lesindomptables.online\/\"],\"url\":\"https:\/\/lesindomptables.online\/index.php\/author\/justice\/\"}]}<\/script>\n<!-- \/ Yoast SEO plugin. -->","yoast_head_json":{"title":"Zelenskyy veut un proc\u00e8s contre Poutine ; la Russie accuse les \u00c9tats-Unis au sujet des drones. - Les indomptables","robots":{"index":"index","follow":"follow","max-snippet":"max-snippet:-1","max-image-preview":"max-image-preview:large","max-video-preview":"max-video-preview:-1"},"canonical":"https:\/\/lesindomptables.online\/index.php\/2023\/05\/05\/zelenskyy-veut-un-proces-contre-poutine-la-russie-accuse-les-etats-unis-au-sujet-des-drones\/","og_locale":"fr_FR","og_type":"article","og_title":"Zelenskyy veut un proc\u00e8s contre Poutine ; la Russie accuse les \u00c9tats-Unis au sujet des drones. - Les indomptables","og_description":"La HAYE, Pays-Bas &#8211; L&rsquo;Ukraine et la Russie ont intensifi\u00e9 leur rh\u00e9torique de guerre jeudi, le pr\u00e9sident ukrainien","og_url":"https:\/\/lesindomptables.online\/index.php\/2023\/05\/05\/zelenskyy-veut-un-proces-contre-poutine-la-russie-accuse-les-etats-unis-au-sujet-des-drones\/","og_site_name":"Les indomptables","article_published_time":"2023-05-05T04:23:10+00:00","article_modified_time":"2023-05-05T04:23:11+00:00","og_image":[{"url":"https:\/\/lesindomptables.online\/wp-content\/uploads\/2023\/05\/telechargement-36.jpg","type":"","width":"","height":""}],"author":"Justice M\u00e9moire ONGODO","twitter_card":"summary_large_image","twitter_misc":{"\u00c9crit par":"Justice M\u00e9moire ONGODO","Dur\u00e9e de lecture estim\u00e9e":"5 minutes"},"schema":{"@context":"https:\/\/schema.org","@graph":[{"@type":"Article","@id":"https:\/\/lesindomptables.online\/index.php\/2023\/05\/05\/zelenskyy-veut-un-proces-contre-poutine-la-russie-accuse-les-etats-unis-au-sujet-des-drones\/#article","isPartOf":{"@id":"https:\/\/lesindomptables.online\/index.php\/2023\/05\/05\/zelenskyy-veut-un-proces-contre-poutine-la-russie-accuse-les-etats-unis-au-sujet-des-drones\/"},"author":{"name":"Justice M\u00e9moire ONGODO","@id":"https:\/\/lesindomptables.online\/#\/schema\/person\/152fb1ae66618e7a6fb63e9cd6e55dfa"},"headline":"Zelenskyy veut un proc\u00e8s contre Poutine ; la Russie accuse les \u00c9tats-Unis au sujet des drones.","datePublished":"2023-05-05T04:23:10+00:00","dateModified":"2023-05-05T04:23:11+00:00","mainEntityOfPage":{"@id":"https:\/\/lesindomptables.online\/index.php\/2023\/05\/05\/zelenskyy-veut-un-proces-contre-poutine-la-russie-accuse-les-etats-unis-au-sujet-des-drones\/"},"wordCount":1096,"commentCount":0,"publisher":{"@id":"https:\/\/lesindomptables.online\/#organization"},"image":{"@id":"https:\/\/lesindomptables.online\/index.php\/2023\/05\/05\/zelenskyy-veut-un-proces-contre-poutine-la-russie-accuse-les-etats-unis-au-sujet-des-drones\/#primaryimage"},"thumbnailUrl":"https:\/\/lesindomptables.online\/wp-content\/uploads\/2023\/05\/telechargement-36.jpg","keywords":["zelensky haye"],"articleSection":["Europe","G\u00e9opolitique"],"inLanguage":"fr-FR","potentialAction":[{"@type":"CommentAction","name":"Comment","target":["https:\/\/lesindomptables.online\/index.php\/2023\/05\/05\/zelenskyy-veut-un-proces-contre-poutine-la-russie-accuse-les-etats-unis-au-sujet-des-drones\/#respond"]}]},{"@type":"WebPage","@id":"https:\/\/lesindomptables.online\/index.php\/2023\/05\/05\/zelenskyy-veut-un-proces-contre-poutine-la-russie-accuse-les-etats-unis-au-sujet-des-drones\/","url":"https:\/\/lesindomptables.online\/index.php\/2023\/05\/05\/zelenskyy-veut-un-proces-contre-poutine-la-russie-accuse-les-etats-unis-au-sujet-des-drones\/","name":"Zelenskyy veut un proc\u00e8s contre Poutine ; la Russie accuse les \u00c9tats-Unis au sujet des drones. - Les indomptables","isPartOf":{"@id":"https:\/\/lesindomptables.online\/#website"},"primaryImageOfPage":{"@id":"https:\/\/lesindomptables.online\/index.php\/2023\/05\/05\/zelenskyy-veut-un-proces-contre-poutine-la-russie-accuse-les-etats-unis-au-sujet-des-drones\/#primaryimage"},"image":{"@id":"https:\/\/lesindomptables.online\/index.php\/2023\/05\/05\/zelenskyy-veut-un-proces-contre-poutine-la-russie-accuse-les-etats-unis-au-sujet-des-drones\/#primaryimage"},"thumbnailUrl":"https:\/\/lesindomptables.online\/wp-content\/uploads\/2023\/05\/telechargement-36.jpg","datePublished":"2023-05-05T04:23:10+00:00","dateModified":"2023-05-05T04:23:11+00:00","breadcrumb":{"@id":"https:\/\/lesindomptables.online\/index.php\/2023\/05\/05\/zelenskyy-veut-un-proces-contre-poutine-la-russie-accuse-les-etats-unis-au-sujet-des-drones\/#breadcrumb"},"inLanguage":"fr-FR","potentialAction":[{"@type":"ReadAction","target":["https:\/\/lesindomptables.online\/index.php\/2023\/05\/05\/zelenskyy-veut-un-proces-contre-poutine-la-russie-accuse-les-etats-unis-au-sujet-des-drones\/"]}]},{"@type":"ImageObject","inLanguage":"fr-FR","@id":"https:\/\/lesindomptables.online\/index.php\/2023\/05\/05\/zelenskyy-veut-un-proces-contre-poutine-la-russie-accuse-les-etats-unis-au-sujet-des-drones\/#primaryimage","url":"https:\/\/lesindomptables.online\/wp-content\/uploads\/2023\/05\/telechargement-36.jpg","contentUrl":"https:\/\/lesindomptables.online\/wp-content\/uploads\/2023\/05\/telechargement-36.jpg","width":260,"height":194},{"@type":"BreadcrumbList","@id":"https:\/\/lesindomptables.online\/index.php\/2023\/05\/05\/zelenskyy-veut-un-proces-contre-poutine-la-russie-accuse-les-etats-unis-au-sujet-des-drones\/#breadcrumb","itemListElement":[{"@type":"ListItem","position":1,"name":"Accueil","item":"https:\/\/lesindomptables.online\/"},{"@type":"ListItem","position":2,"name":"Zelenskyy veut un proc\u00e8s contre Poutine ; la Russie accuse les \u00c9tats-Unis au sujet des drones."}]},{"@type":"WebSite","@id":"https:\/\/lesindomptables.online\/#website","url":"https:\/\/lesindomptables.online\/","name":"Les indomptables","description":"Le Site des indomptables","publisher":{"@id":"https:\/\/lesindomptables.online\/#organization"},"potentialAction":[{"@type":"SearchAction","target":{"@type":"EntryPoint","urlTemplate":"https:\/\/lesindomptables.online\/?s={search_term_string}"},"query-input":{"@type":"PropertyValueSpecification","valueRequired":true,"valueName":"search_term_string"}}],"inLanguage":"fr-FR"},{"@type":"Organization","@id":"https:\/\/lesindomptables.online\/#organization","name":"Les indomptables","url":"https:\/\/lesindomptables.online\/","logo":{"@type":"ImageObject","inLanguage":"fr-FR","@id":"https:\/\/lesindomptables.online\/#\/schema\/logo\/image\/","url":"https:\/\/lesindomptables.online\/wp-content\/uploads\/2023\/01\/cropped-logo_site-2.png","contentUrl":"https:\/\/lesindomptables.online\/wp-content\/uploads\/2023\/01\/cropped-logo_site-2.png","width":249,"height":107,"caption":"Les indomptables"},"image":{"@id":"https:\/\/lesindomptables.online\/#\/schema\/logo\/image\/"}},{"@type":"Person","@id":"https:\/\/lesindomptables.online\/#\/schema\/person\/152fb1ae66618e7a6fb63e9cd6e55dfa","name":"Justice M\u00e9moire ONGODO","image":{"@type":"ImageObject","inLanguage":"fr-FR","@id":"https:\/\/lesindomptables.online\/#\/schema\/person\/image\/","url":"https:\/\/secure.gravatar.com\/avatar\/985cbabd07480b4a966870b47fd05b63fa7f7ea944c5dfc2d67cd9606a12809d?s=96&d=mm&r=g","contentUrl":"https:\/\/secure.gravatar.com\/avatar\/985cbabd07480b4a966870b47fd05b63fa7f7ea944c5dfc2d67cd9606a12809d?s=96&d=mm&r=g","caption":"Justice M\u00e9moire ONGODO"},"sameAs":["https:\/\/lesindomptables.online\/"],"url":"https:\/\/lesindomptables.online\/index.php\/author\/justice\/"}]}},"featured_image_urls":{"full":"","thumbnail":"","medium":"","medium_large":"","large":"","1536x1536":"","2048x2048":"","morenews-featured":"","morenews-large":"","morenews-medium":"","woocommerce_thumbnail":"","woocommerce_single":"","woocommerce_gallery_thumbnail":""},"author_info":{"display_name":"Justice M\u00e9moire ONGODO","author_link":"https:\/\/lesindomptables.online\/index.php\/author\/justice\/"},"category_info":"<a href=\"https:\/\/lesindomptables.online\/index.php\/category\/europe\/\" rel=\"category tag\">Europe<\/a> <a href=\"https:\/\/lesindomptables.online\/index.php\/category\/geopolitique\/\" rel=\"category tag\">G\u00e9opolitique<\/a>","tag_info":"G\u00e9opolitique","comment_count":"0","_links":{"self":[{"href":"https:\/\/lesindomptables.online\/index.php\/wp-json\/wp\/v2\/posts\/1077","targetHints":{"allow":["GET"]}}],"collection":[{"href":"https:\/\/lesindomptables.online\/index.php\/wp-json\/wp\/v2\/posts"}],"about":[{"href":"https:\/\/lesindomptables.online\/index.php\/wp-json\/wp\/v2\/types\/post"}],"author":[{"embeddable":true,"href":"https:\/\/lesindomptables.online\/index.php\/wp-json\/wp\/v2\/users\/5"}],"replies":[{"embeddable":true,"href":"https:\/\/lesindomptables.online\/index.php\/wp-json\/wp\/v2\/comments?post=1077"}],"version-history":[{"count":1,"href":"https:\/\/lesindomptables.online\/index.php\/wp-json\/wp\/v2\/posts\/1077\/revisions"}],"predecessor-version":[{"id":1079,"href":"https:\/\/lesindomptables.online\/index.php\/wp-json\/wp\/v2\/posts\/1077\/revisions\/1079"}],"wp:attachment":[{"href":"https:\/\/lesindomptables.online\/index.php\/wp-json\/wp\/v2\/media?parent=1077"}],"wp:term":[{"taxonomy":"category","embeddable":true,"href":"https:\/\/lesindomptables.online\/index.php\/wp-json\/wp\/v2\/categories?post=1077"},{"taxonomy":"post_tag","embeddable":true,"href":"https:\/\/lesindomptables.online\/index.php\/wp-json\/wp\/v2\/tags?post=1077"}],"curies":[{"name":"wp","href":"https:\/\/api.w.org\/{rel}","templated":true}]}}