{"id":135,"date":"2023-02-02T22:29:13","date_gmt":"2023-02-02T22:29:13","guid":{"rendered":"https:\/\/lesindomptables.online\/?p=135"},"modified":"2023-02-03T04:58:56","modified_gmt":"2023-02-03T04:58:56","slug":"hier-pedro-sanchez-et-aziz-ajanouch-ont-fait-le-point-sur-les-sujets-de-souverainetes-qui-fachent","status":"publish","type":"post","link":"https:\/\/lesindomptables.online\/index.php\/2023\/02\/02\/hier-pedro-sanchez-et-aziz-ajanouch-ont-fait-le-point-sur-les-sujets-de-souverainetes-qui-fachent\/","title":{"rendered":"Jeudi 2 f\u00e9vrier, Pedro S\u00e1nchez et Aziz Akhannouch font le point sur les sujets  qui f\u00e2chent ."},"content":{"rendered":"\n<p><strong>Pedro S\u00e1nchez et Aziz A<\/strong>khannouch se sont rappel\u00e9s les deux sujets qui irritent le plus les relations entre l&rsquo;Espagne et le Maroc. Le premier ministre  espagnol a parl\u00e9 de \u00ab\u00a0souverainet\u00e9\u00a0\u00bb, de \u00ab\u00a0fronti\u00e8res\u00a0\u00bb et de \u00ab\u00a0douanes \u00e0 Ceuta et Melilla\u00a0\u00bb. Et le premier ministre marocain a fait remarquer que pour son pays il y a un \u00ab\u00a0conflit artificiel\u00a0\u00bb au Sahara occidental, que l&rsquo;Espagne a finalement reconnu \u00ab\u00a0en soutenant le plan d&rsquo;autonomie propos\u00e9 par le Maroc en 2007 comme la base la plus solide, r\u00e9aliste et cr\u00e9dible pour une solution\u00a0\u00bb.<\/p>\n\n\n\n<p>Dans son discours solennel \u00e0 l&rsquo;ouverture de la session pl\u00e9ni\u00e8re de la r\u00e9union de haut niveau (RAN), au si\u00e8ge du minist\u00e8re des Affaires \u00e9trang\u00e8res \u00e0 Rabat, M. S\u00e1nchez a rappel\u00e9 \u00ab\u00a0l&rsquo;engagement mutuel\u00a0\u00bb d'\u00a0\u00bb\u00e9viter tout ce que nous savons offenser l&rsquo;autre partie, surtout lorsque cela affecte nos sph\u00e8res de souverainet\u00e9 respectives\u00a0\u00bb.<\/p>\n","protected":false},"excerpt":{"rendered":"<p>Pedro S\u00e1nchez et Aziz Akhannouch se sont rappel\u00e9s les deux sujets qui irritent le plus les relations entre<\/p>\n","protected":false},"author":1,"featured_media":157,"comment_status":"open","ping_status":"open","sticky":false,"template":"","format":"standard","meta":{"om_disable_all_campaigns":false,"_monsterinsights_skip_tracking":false,"_monsterinsights_sitenote_active":false,"_monsterinsights_sitenote_note":"","_monsterinsights_sitenote_category":0,"_uf_show_specific_survey":0,"_uf_disable_surveys":false,"footnotes":""},"categories":[4,13],"tags":[24],"class_list":["post-135","post","type-post","status-publish","format-standard","has-post-thumbnail","hentry","category-afrique","category-geopolitique","tag-maroc-espagne"],"yoast_head":"<!-- This site is optimized with the Yoast SEO plugin v26.5 - https:\/\/yoast.com\/wordpress\/plugins\/seo\/ -->\n<title>Jeudi 2 f\u00e9vrier, Pedro S\u00e1nchez et Aziz Akhannouch font le point sur les sujets qui f\u00e2chent . - Les indomptables<\/title>\n<meta name=\"robots\" content=\"index, follow, max-snippet:-1, max-image-preview:large, max-video-preview:-1\" \/>\n<link rel=\"canonical\" href=\"https:\/\/lesindomptables.online\/index.php\/2023\/02\/02\/hier-pedro-sanchez-et-aziz-ajanouch-ont-fait-le-point-sur-les-sujets-de-souverainetes-qui-fachent\/\" \/>\n<meta property=\"og:locale\" content=\"fr_FR\" \/>\n<meta property=\"og:type\" content=\"article\" \/>\n<meta property=\"og:title\" content=\"Jeudi 2 f\u00e9vrier, Pedro S\u00e1nchez et Aziz Akhannouch font le point sur les sujets qui f\u00e2chent . - Les indomptables\" \/>\n<meta property=\"og:description\" content=\"Pedro S\u00e1nchez et Aziz Akhannouch se sont rappel\u00e9s les deux sujets qui irritent le plus les relations entre\" \/>\n<meta property=\"og:url\" content=\"https:\/\/lesindomptables.online\/index.php\/2023\/02\/02\/hier-pedro-sanchez-et-aziz-ajanouch-ont-fait-le-point-sur-les-sujets-de-souverainetes-qui-fachent\/\" \/>\n<meta property=\"og:site_name\" content=\"Les indomptables\" \/>\n<meta property=\"article:published_time\" content=\"2023-02-02T22:29:13+00:00\" \/>\n<meta property=\"article:modified_time\" content=\"2023-02-03T04:58:56+00:00\" \/>\n<meta property=\"og:image\" content=\"https:\/\/lesindomptables.online\/wp-content\/uploads\/2023\/02\/p-a.webp\" \/>\n\t<meta property=\"og:image:width\" content=\"1800\" \/>\n\t<meta property=\"og:image:height\" content=\"1200\" \/>\n\t<meta property=\"og:image:type\" content=\"image\/webp\" \/>\n<meta name=\"author\" content=\"wisdom\" \/>\n<meta name=\"twitter:card\" content=\"summary_large_image\" \/>\n<meta name=\"twitter:label1\" content=\"\u00c9crit par\" \/>\n\t<meta name=\"twitter:data1\" content=\"wisdom\" \/>\n\t<meta name=\"twitter:label2\" content=\"Dur\u00e9e de lecture estim\u00e9e\" \/>\n\t<meta name=\"twitter:data2\" content=\"1 minute\" \/>\n<script type=\"application\/ld+json\" class=\"yoast-schema-graph\">{\"@context\":\"https:\/\/schema.org\",\"@graph\":[{\"@type\":\"Article\",\"@id\":\"https:\/\/lesindomptables.online\/index.php\/2023\/02\/02\/hier-pedro-sanchez-et-aziz-ajanouch-ont-fait-le-point-sur-les-sujets-de-souverainetes-qui-fachent\/#article\",\"isPartOf\":{\"@id\":\"https:\/\/lesindomptables.online\/index.php\/2023\/02\/02\/hier-pedro-sanchez-et-aziz-ajanouch-ont-fait-le-point-sur-les-sujets-de-souverainetes-qui-fachent\/\"},\"author\":{\"name\":\"wisdom\",\"@id\":\"https:\/\/lesindomptables.online\/#\/schema\/person\/fbe17b6cc112362ce620b2746e8c3881\"},\"headline\":\"Jeudi 2 f\u00e9vrier, Pedro S\u00e1nchez et Aziz Akhannouch font le point sur les sujets qui f\u00e2chent .\",\"datePublished\":\"2023-02-02T22:29:13+00:00\",\"dateModified\":\"2023-02-03T04:58:56+00:00\",\"mainEntityOfPage\":{\"@id\":\"https:\/\/lesindomptables.online\/index.php\/2023\/02\/02\/hier-pedro-sanchez-et-aziz-ajanouch-ont-fait-le-point-sur-les-sujets-de-souverainetes-qui-fachent\/\"},\"wordCount\":172,\"commentCount\":0,\"publisher\":{\"@id\":\"https:\/\/lesindomptables.online\/#organization\"},\"image\":{\"@id\":\"https:\/\/lesindomptables.online\/index.php\/2023\/02\/02\/hier-pedro-sanchez-et-aziz-ajanouch-ont-fait-le-point-sur-les-sujets-de-souverainetes-qui-fachent\/#primaryimage\"},\"thumbnailUrl\":\"https:\/\/lesindomptables.online\/wp-content\/uploads\/2023\/02\/p-a.webp\",\"keywords\":[\"maroc espagne\"],\"articleSection\":[\"Afrique\",\"G\u00e9opolitique\"],\"inLanguage\":\"fr-FR\",\"potentialAction\":[{\"@type\":\"CommentAction\",\"name\":\"Comment\",\"target\":[\"https:\/\/lesindomptables.online\/index.php\/2023\/02\/02\/hier-pedro-sanchez-et-aziz-ajanouch-ont-fait-le-point-sur-les-sujets-de-souverainetes-qui-fachent\/#respond\"]}]},{\"@type\":\"WebPage\",\"@id\":\"https:\/\/lesindomptables.online\/index.php\/2023\/02\/02\/hier-pedro-sanchez-et-aziz-ajanouch-ont-fait-le-point-sur-les-sujets-de-souverainetes-qui-fachent\/\",\"url\":\"https:\/\/lesindomptables.online\/index.php\/2023\/02\/02\/hier-pedro-sanchez-et-aziz-ajanouch-ont-fait-le-point-sur-les-sujets-de-souverainetes-qui-fachent\/\",\"name\":\"Jeudi 2 f\u00e9vrier, Pedro S\u00e1nchez et Aziz Akhannouch font le point sur les sujets qui f\u00e2chent . - Les indomptables\",\"isPartOf\":{\"@id\":\"https:\/\/lesindomptables.online\/#website\"},\"primaryImageOfPage\":{\"@id\":\"https:\/\/lesindomptables.online\/index.php\/2023\/02\/02\/hier-pedro-sanchez-et-aziz-ajanouch-ont-fait-le-point-sur-les-sujets-de-souverainetes-qui-fachent\/#primaryimage\"},\"image\":{\"@id\":\"https:\/\/lesindomptables.online\/index.php\/2023\/02\/02\/hier-pedro-sanchez-et-aziz-ajanouch-ont-fait-le-point-sur-les-sujets-de-souverainetes-qui-fachent\/#primaryimage\"},\"thumbnailUrl\":\"https:\/\/lesindomptables.online\/wp-content\/uploads\/2023\/02\/p-a.webp\",\"datePublished\":\"2023-02-02T22:29:13+00:00\",\"dateModified\":\"2023-02-03T04:58:56+00:00\",\"breadcrumb\":{\"@id\":\"https:\/\/lesindomptables.online\/index.php\/2023\/02\/02\/hier-pedro-sanchez-et-aziz-ajanouch-ont-fait-le-point-sur-les-sujets-de-souverainetes-qui-fachent\/#breadcrumb\"},\"inLanguage\":\"fr-FR\",\"potentialAction\":[{\"@type\":\"ReadAction\",\"target\":[\"https:\/\/lesindomptables.online\/index.php\/2023\/02\/02\/hier-pedro-sanchez-et-aziz-ajanouch-ont-fait-le-point-sur-les-sujets-de-souverainetes-qui-fachent\/\"]}]},{\"@type\":\"ImageObject\",\"inLanguage\":\"fr-FR\",\"@id\":\"https:\/\/lesindomptables.online\/index.php\/2023\/02\/02\/hier-pedro-sanchez-et-aziz-ajanouch-ont-fait-le-point-sur-les-sujets-de-souverainetes-qui-fachent\/#primaryimage\",\"url\":\"https:\/\/lesindomptables.online\/wp-content\/uploads\/2023\/02\/p-a.webp\",\"contentUrl\":\"https:\/\/lesindomptables.online\/wp-content\/uploads\/2023\/02\/p-a.webp\",\"width\":1800,\"height\":1200},{\"@type\":\"BreadcrumbList\",\"@id\":\"https:\/\/lesindomptables.online\/index.php\/2023\/02\/02\/hier-pedro-sanchez-et-aziz-ajanouch-ont-fait-le-point-sur-les-sujets-de-souverainetes-qui-fachent\/#breadcrumb\",\"itemListElement\":[{\"@type\":\"ListItem\",\"position\":1,\"name\":\"Accueil\",\"item\":\"https:\/\/lesindomptables.online\/\"},{\"@type\":\"ListItem\",\"position\":2,\"name\":\"Jeudi 2 f\u00e9vrier, Pedro S\u00e1nchez et Aziz Akhannouch font le point sur les sujets qui f\u00e2chent .\"}]},{\"@type\":\"WebSite\",\"@id\":\"https:\/\/lesindomptables.online\/#website\",\"url\":\"https:\/\/lesindomptables.online\/\",\"name\":\"Les indomptables\",\"description\":\"Le Site des indomptables\",\"publisher\":{\"@id\":\"https:\/\/lesindomptables.online\/#organization\"},\"potentialAction\":[{\"@type\":\"SearchAction\",\"target\":{\"@type\":\"EntryPoint\",\"urlTemplate\":\"https:\/\/lesindomptables.online\/?s={search_term_string}\"},\"query-input\":{\"@type\":\"PropertyValueSpecification\",\"valueRequired\":true,\"valueName\":\"search_term_string\"}}],\"inLanguage\":\"fr-FR\"},{\"@type\":\"Organization\",\"@id\":\"https:\/\/lesindomptables.online\/#organization\",\"name\":\"Les indomptables\",\"url\":\"https:\/\/lesindomptables.online\/\",\"logo\":{\"@type\":\"ImageObject\",\"inLanguage\":\"fr-FR\",\"@id\":\"https:\/\/lesindomptables.online\/#\/schema\/logo\/image\/\",\"url\":\"https:\/\/lesindomptables.online\/wp-content\/uploads\/2023\/01\/cropped-logo_site-2.png\",\"contentUrl\":\"https:\/\/lesindomptables.online\/wp-content\/uploads\/2023\/01\/cropped-logo_site-2.png\",\"width\":249,\"height\":107,\"caption\":\"Les indomptables\"},\"image\":{\"@id\":\"https:\/\/lesindomptables.online\/#\/schema\/logo\/image\/\"}},{\"@type\":\"Person\",\"@id\":\"https:\/\/lesindomptables.online\/#\/schema\/person\/fbe17b6cc112362ce620b2746e8c3881\",\"name\":\"wisdom\",\"image\":{\"@type\":\"ImageObject\",\"inLanguage\":\"fr-FR\",\"@id\":\"https:\/\/lesindomptables.online\/#\/schema\/person\/image\/\",\"url\":\"https:\/\/secure.gravatar.com\/avatar\/4a116974e3938ded35e52e683a30fbad3da778a840e57ac4c05511372491180c?s=96&d=mm&r=g\",\"contentUrl\":\"https:\/\/secure.gravatar.com\/avatar\/4a116974e3938ded35e52e683a30fbad3da778a840e57ac4c05511372491180c?s=96&d=mm&r=g\",\"caption\":\"wisdom\"},\"sameAs\":[\"http:\/\/lesindomptables.online\"],\"url\":\"https:\/\/lesindomptables.online\/index.php\/author\/wisdom\/\"}]}<\/script>\n<!-- \/ Yoast SEO plugin. -->","yoast_head_json":{"title":"Jeudi 2 f\u00e9vrier, Pedro S\u00e1nchez et Aziz Akhannouch font le point sur les sujets qui f\u00e2chent . - Les indomptables","robots":{"index":"index","follow":"follow","max-snippet":"max-snippet:-1","max-image-preview":"max-image-preview:large","max-video-preview":"max-video-preview:-1"},"canonical":"https:\/\/lesindomptables.online\/index.php\/2023\/02\/02\/hier-pedro-sanchez-et-aziz-ajanouch-ont-fait-le-point-sur-les-sujets-de-souverainetes-qui-fachent\/","og_locale":"fr_FR","og_type":"article","og_title":"Jeudi 2 f\u00e9vrier, Pedro S\u00e1nchez et Aziz Akhannouch font le point sur les sujets qui f\u00e2chent . - Les indomptables","og_description":"Pedro S\u00e1nchez et Aziz Akhannouch se sont rappel\u00e9s les deux sujets qui irritent le plus les relations entre","og_url":"https:\/\/lesindomptables.online\/index.php\/2023\/02\/02\/hier-pedro-sanchez-et-aziz-ajanouch-ont-fait-le-point-sur-les-sujets-de-souverainetes-qui-fachent\/","og_site_name":"Les indomptables","article_published_time":"2023-02-02T22:29:13+00:00","article_modified_time":"2023-02-03T04:58:56+00:00","og_image":[{"width":1800,"height":1200,"url":"https:\/\/lesindomptables.online\/wp-content\/uploads\/2023\/02\/p-a.webp","type":"image\/webp"}],"author":"wisdom","twitter_card":"summary_large_image","twitter_misc":{"\u00c9crit par":"wisdom","Dur\u00e9e de lecture estim\u00e9e":"1 minute"},"schema":{"@context":"https:\/\/schema.org","@graph":[{"@type":"Article","@id":"https:\/\/lesindomptables.online\/index.php\/2023\/02\/02\/hier-pedro-sanchez-et-aziz-ajanouch-ont-fait-le-point-sur-les-sujets-de-souverainetes-qui-fachent\/#article","isPartOf":{"@id":"https:\/\/lesindomptables.online\/index.php\/2023\/02\/02\/hier-pedro-sanchez-et-aziz-ajanouch-ont-fait-le-point-sur-les-sujets-de-souverainetes-qui-fachent\/"},"author":{"name":"wisdom","@id":"https:\/\/lesindomptables.online\/#\/schema\/person\/fbe17b6cc112362ce620b2746e8c3881"},"headline":"Jeudi 2 f\u00e9vrier, Pedro S\u00e1nchez et Aziz Akhannouch font le point sur les sujets qui f\u00e2chent .","datePublished":"2023-02-02T22:29:13+00:00","dateModified":"2023-02-03T04:58:56+00:00","mainEntityOfPage":{"@id":"https:\/\/lesindomptables.online\/index.php\/2023\/02\/02\/hier-pedro-sanchez-et-aziz-ajanouch-ont-fait-le-point-sur-les-sujets-de-souverainetes-qui-fachent\/"},"wordCount":172,"commentCount":0,"publisher":{"@id":"https:\/\/lesindomptables.online\/#organization"},"image":{"@id":"https:\/\/lesindomptables.online\/index.php\/2023\/02\/02\/hier-pedro-sanchez-et-aziz-ajanouch-ont-fait-le-point-sur-les-sujets-de-souverainetes-qui-fachent\/#primaryimage"},"thumbnailUrl":"https:\/\/lesindomptables.online\/wp-content\/uploads\/2023\/02\/p-a.webp","keywords":["maroc espagne"],"articleSection":["Afrique","G\u00e9opolitique"],"inLanguage":"fr-FR","potentialAction":[{"@type":"CommentAction","name":"Comment","target":["https:\/\/lesindomptables.online\/index.php\/2023\/02\/02\/hier-pedro-sanchez-et-aziz-ajanouch-ont-fait-le-point-sur-les-sujets-de-souverainetes-qui-fachent\/#respond"]}]},{"@type":"WebPage","@id":"https:\/\/lesindomptables.online\/index.php\/2023\/02\/02\/hier-pedro-sanchez-et-aziz-ajanouch-ont-fait-le-point-sur-les-sujets-de-souverainetes-qui-fachent\/","url":"https:\/\/lesindomptables.online\/index.php\/2023\/02\/02\/hier-pedro-sanchez-et-aziz-ajanouch-ont-fait-le-point-sur-les-sujets-de-souverainetes-qui-fachent\/","name":"Jeudi 2 f\u00e9vrier, Pedro S\u00e1nchez et Aziz Akhannouch font le point sur les sujets qui f\u00e2chent . - Les indomptables","isPartOf":{"@id":"https:\/\/lesindomptables.online\/#website"},"primaryImageOfPage":{"@id":"https:\/\/lesindomptables.online\/index.php\/2023\/02\/02\/hier-pedro-sanchez-et-aziz-ajanouch-ont-fait-le-point-sur-les-sujets-de-souverainetes-qui-fachent\/#primaryimage"},"image":{"@id":"https:\/\/lesindomptables.online\/index.php\/2023\/02\/02\/hier-pedro-sanchez-et-aziz-ajanouch-ont-fait-le-point-sur-les-sujets-de-souverainetes-qui-fachent\/#primaryimage"},"thumbnailUrl":"https:\/\/lesindomptables.online\/wp-content\/uploads\/2023\/02\/p-a.webp","datePublished":"2023-02-02T22:29:13+00:00","dateModified":"2023-02-03T04:58:56+00:00","breadcrumb":{"@id":"https:\/\/lesindomptables.online\/index.php\/2023\/02\/02\/hier-pedro-sanchez-et-aziz-ajanouch-ont-fait-le-point-sur-les-sujets-de-souverainetes-qui-fachent\/#breadcrumb"},"inLanguage":"fr-FR","potentialAction":[{"@type":"ReadAction","target":["https:\/\/lesindomptables.online\/index.php\/2023\/02\/02\/hier-pedro-sanchez-et-aziz-ajanouch-ont-fait-le-point-sur-les-sujets-de-souverainetes-qui-fachent\/"]}]},{"@type":"ImageObject","inLanguage":"fr-FR","@id":"https:\/\/lesindomptables.online\/index.php\/2023\/02\/02\/hier-pedro-sanchez-et-aziz-ajanouch-ont-fait-le-point-sur-les-sujets-de-souverainetes-qui-fachent\/#primaryimage","url":"https:\/\/lesindomptables.online\/wp-content\/uploads\/2023\/02\/p-a.webp","contentUrl":"https:\/\/lesindomptables.online\/wp-content\/uploads\/2023\/02\/p-a.webp","width":1800,"height":1200},{"@type":"BreadcrumbList","@id":"https:\/\/lesindomptables.online\/index.php\/2023\/02\/02\/hier-pedro-sanchez-et-aziz-ajanouch-ont-fait-le-point-sur-les-sujets-de-souverainetes-qui-fachent\/#breadcrumb","itemListElement":[{"@type":"ListItem","position":1,"name":"Accueil","item":"https:\/\/lesindomptables.online\/"},{"@type":"ListItem","position":2,"name":"Jeudi 2 f\u00e9vrier, Pedro S\u00e1nchez et Aziz Akhannouch font le point sur les sujets qui f\u00e2chent ."}]},{"@type":"WebSite","@id":"https:\/\/lesindomptables.online\/#website","url":"https:\/\/lesindomptables.online\/","name":"Les indomptables","description":"Le Site des indomptables","publisher":{"@id":"https:\/\/lesindomptables.online\/#organization"},"potentialAction":[{"@type":"SearchAction","target":{"@type":"EntryPoint","urlTemplate":"https:\/\/lesindomptables.online\/?s={search_term_string}"},"query-input":{"@type":"PropertyValueSpecification","valueRequired":true,"valueName":"search_term_string"}}],"inLanguage":"fr-FR"},{"@type":"Organization","@id":"https:\/\/lesindomptables.online\/#organization","name":"Les indomptables","url":"https:\/\/lesindomptables.online\/","logo":{"@type":"ImageObject","inLanguage":"fr-FR","@id":"https:\/\/lesindomptables.online\/#\/schema\/logo\/image\/","url":"https:\/\/lesindomptables.online\/wp-content\/uploads\/2023\/01\/cropped-logo_site-2.png","contentUrl":"https:\/\/lesindomptables.online\/wp-content\/uploads\/2023\/01\/cropped-logo_site-2.png","width":249,"height":107,"caption":"Les indomptables"},"image":{"@id":"https:\/\/lesindomptables.online\/#\/schema\/logo\/image\/"}},{"@type":"Person","@id":"https:\/\/lesindomptables.online\/#\/schema\/person\/fbe17b6cc112362ce620b2746e8c3881","name":"wisdom","image":{"@type":"ImageObject","inLanguage":"fr-FR","@id":"https:\/\/lesindomptables.online\/#\/schema\/person\/image\/","url":"https:\/\/secure.gravatar.com\/avatar\/4a116974e3938ded35e52e683a30fbad3da778a840e57ac4c05511372491180c?s=96&d=mm&r=g","contentUrl":"https:\/\/secure.gravatar.com\/avatar\/4a116974e3938ded35e52e683a30fbad3da778a840e57ac4c05511372491180c?s=96&d=mm&r=g","caption":"wisdom"},"sameAs":["http:\/\/lesindomptables.online"],"url":"https:\/\/lesindomptables.online\/index.php\/author\/wisdom\/"}]}},"featured_image_urls":{"full":["https:\/\/lesindomptables.online\/wp-content\/uploads\/2023\/02\/p-a.webp",1800,1200,false],"thumbnail":["https:\/\/lesindomptables.online\/wp-content\/uploads\/2023\/02\/p-a-150x150.webp",150,150,true],"medium":["https:\/\/lesindomptables.online\/wp-content\/uploads\/2023\/02\/p-a-300x200.webp",300,200,true],"medium_large":["https:\/\/lesindomptables.online\/wp-content\/uploads\/2023\/02\/p-a-768x512.webp",640,427,true],"large":["https:\/\/lesindomptables.online\/wp-content\/uploads\/2023\/02\/p-a-1024x683.webp",640,427,true],"1536x1536":["https:\/\/lesindomptables.online\/wp-content\/uploads\/2023\/02\/p-a-1536x1024.webp",1536,1024,true],"2048x2048":["https:\/\/lesindomptables.online\/wp-content\/uploads\/2023\/02\/p-a.webp",1800,1200,false],"morenews-featured":["https:\/\/lesindomptables.online\/wp-content\/uploads\/2023\/02\/p-a-1024x683.webp",1024,683,true],"morenews-large":["https:\/\/lesindomptables.online\/wp-content\/uploads\/2023\/02\/p-a-825x575.webp",825,575,true],"morenews-medium":["https:\/\/lesindomptables.online\/wp-content\/uploads\/2023\/02\/p-a-590x410.webp",590,410,true],"woocommerce_thumbnail":["https:\/\/lesindomptables.online\/wp-content\/uploads\/2023\/02\/p-a-300x300.webp",300,300,true],"woocommerce_single":["https:\/\/lesindomptables.online\/wp-content\/uploads\/2023\/02\/p-a.webp",600,400,false],"woocommerce_gallery_thumbnail":["https:\/\/lesindomptables.online\/wp-content\/uploads\/2023\/02\/p-a-100x100.webp",100,100,true]},"author_info":{"display_name":"wisdom","author_link":"https:\/\/lesindomptables.online\/index.php\/author\/wisdom\/"},"category_info":"<a href=\"https:\/\/lesindomptables.online\/index.php\/category\/afrique\/\" rel=\"category tag\">Afrique<\/a> <a href=\"https:\/\/lesindomptables.online\/index.php\/category\/geopolitique\/\" rel=\"category tag\">G\u00e9opolitique<\/a>","tag_info":"G\u00e9opolitique","comment_count":"0","_links":{"self":[{"href":"https:\/\/lesindomptables.online\/index.php\/wp-json\/wp\/v2\/posts\/135","targetHints":{"allow":["GET"]}}],"collection":[{"href":"https:\/\/lesindomptables.online\/index.php\/wp-json\/wp\/v2\/posts"}],"about":[{"href":"https:\/\/lesindomptables.online\/index.php\/wp-json\/wp\/v2\/types\/post"}],"author":[{"embeddable":true,"href":"https:\/\/lesindomptables.online\/index.php\/wp-json\/wp\/v2\/users\/1"}],"replies":[{"embeddable":true,"href":"https:\/\/lesindomptables.online\/index.php\/wp-json\/wp\/v2\/comments?post=135"}],"version-history":[{"count":4,"href":"https:\/\/lesindomptables.online\/index.php\/wp-json\/wp\/v2\/posts\/135\/revisions"}],"predecessor-version":[{"id":152,"href":"https:\/\/lesindomptables.online\/index.php\/wp-json\/wp\/v2\/posts\/135\/revisions\/152"}],"wp:featuredmedia":[{"embeddable":true,"href":"https:\/\/lesindomptables.online\/index.php\/wp-json\/wp\/v2\/media\/157"}],"wp:attachment":[{"href":"https:\/\/lesindomptables.online\/index.php\/wp-json\/wp\/v2\/media?parent=135"}],"wp:term":[{"taxonomy":"category","embeddable":true,"href":"https:\/\/lesindomptables.online\/index.php\/wp-json\/wp\/v2\/categories?post=135"},{"taxonomy":"post_tag","embeddable":true,"href":"https:\/\/lesindomptables.online\/index.php\/wp-json\/wp\/v2\/tags?post=135"}],"curies":[{"name":"wp","href":"https:\/\/api.w.org\/{rel}","templated":true}]}}