{"id":1393,"date":"2023-07-13T05:43:08","date_gmt":"2023-07-13T05:43:08","guid":{"rendered":"https:\/\/lesindomptables.online\/?p=1393"},"modified":"2023-07-13T05:43:09","modified_gmt":"2023-07-13T05:43:09","slug":"la-securite-alimentaire-mondiale-en-peril-le-rapport-de-lonu-revele-une-augmentation-alarmante-de-la-faim","status":"publish","type":"post","link":"https:\/\/lesindomptables.online\/index.php\/2023\/07\/13\/la-securite-alimentaire-mondiale-en-peril-le-rapport-de-lonu-revele-une-augmentation-alarmante-de-la-faim\/","title":{"rendered":"La s\u00e9curit\u00e9 alimentaire mondiale en p\u00e9ril : le rapport de l&rsquo;ONU r\u00e9v\u00e8le une augmentation alarmante de la faim."},"content":{"rendered":"\n<p><\/p>\n\n\n\n<figure class=\"wp-block-image size-large\"><img fetchpriority=\"high\" decoding=\"async\" width=\"1024\" height=\"517\" src=\"https:\/\/lesindomptables.online\/wp-content\/uploads\/2023\/07\/logo-pam-1024x517.jpg\" alt=\"\" class=\"wp-image-1394\" srcset=\"https:\/\/lesindomptables.online\/wp-content\/uploads\/2023\/07\/logo-pam-1024x517.jpg 1024w, https:\/\/lesindomptables.online\/wp-content\/uploads\/2023\/07\/logo-pam-300x151.jpg 300w, https:\/\/lesindomptables.online\/wp-content\/uploads\/2023\/07\/logo-pam-768x387.jpg 768w, https:\/\/lesindomptables.online\/wp-content\/uploads\/2023\/07\/logo-pam-1536x775.jpg 1536w, https:\/\/lesindomptables.online\/wp-content\/uploads\/2023\/07\/logo-pam-2048x1033.jpg 2048w\" sizes=\"(max-width: 1024px) 100vw, 1024px\" \/><\/figure>\n\n\n\n<p><p style=\"border: 0px solid rgb(217, 217, 227); box-sizing: border-box; --tw-border-spacing-x: 0; --tw-border-spacing-y: 0; --tw-translate-x: 0; --tw-translate-y: 0; --tw-rotate: 0; --tw-skew-x: 0; --tw-skew-y: 0; --tw-scale-x: 1; --tw-scale-y: 1; --tw-pan-x: ; --tw-pan-y: ; --tw-pinch-zoom: ; --tw-scroll-snap-strictness: proximity; --tw-gradient-from-position: ; --tw-gradient-via-position: ; --tw-gradient-to-position: ; --tw-ordinal: ; --tw-slashed-zero: ; --tw-numeric-figure: ; --tw-numeric-spacing: ; --tw-numeric-fraction: ; --tw-ring-inset: ; --tw-ring-offset-width: 0px; --tw-ring-offset-color: #fff; --tw-ring-color: rgba(69,89,164,.5); --tw-ring-offset-shadow: 0 0 transparent; --tw-ring-shadow: 0 0 transparent; --tw-shadow: 0 0 transparent; --tw-shadow-colored: 0 0 transparent; --tw-blur: ; --tw-brightness: ; --tw-contrast: ; --tw-grayscale: ; --tw-hue-rotate: ; --tw-invert: ; --tw-saturate: ; --tw-sepia: ; --tw-drop-shadow: ; --tw-backdrop-blur: ; --tw-backdrop-brightness: ; --tw-backdrop-contrast: ; --tw-backdrop-grayscale: ; --tw-backdrop-hue-rotate: ; --tw-backdrop-invert: ; --tw-backdrop-opacity: ; --tw-backdrop-saturate: ; --tw-backdrop-sepia: ; margin: 1.25em 0px; color: rgb(55, 65, 81); font-family: S\u00f6hne, ui-sans-serif, system-ui, -apple-system, &quot;Segoe UI&quot;, Roboto, Ubuntu, Cantarell, &quot;Noto Sans&quot;, sans-serif, &quot;Helvetica Neue&quot;, Arial, &quot;Apple Color Emoji&quot;, &quot;Segoe UI Emoji&quot;, &quot;Segoe UI Symbol&quot;, &quot;Noto Color Emoji&quot;; font-size: 16px; background-color: rgb(247, 247, 248);\">Newyork LI : Mercredi,12 juillet 2023Dans un rapport alarmant publi\u00e9 mercredi, l&rsquo;Organisation des Nations Unies (ONU) met en \u00e9vidence une hausse significative du nombre de personnes confront\u00e9es \u00e0 la faim dans le monde. Selon les informations d\u00e9voil\u00e9es, entre 691 et 783 millions de personnes ont \u00e9t\u00e9 touch\u00e9es par ce fl\u00e9au l&rsquo;ann\u00e9e derni\u00e8re. Ce chiffre repr\u00e9sente une augmentation de 122 millions de personnes par rapport \u00e0 l&rsquo;ann\u00e9e 2019. Parmi les facteurs contribuant \u00e0 cette crise, la pand\u00e9mie de COVID-19 et la guerre en Ukraine sont point\u00e9es du doigt. L&rsquo;Afrique est la r\u00e9gion la plus durement touch\u00e9e, avec un Africain sur cinq souffrant de la famine, d&rsquo;apr\u00e8s les donn\u00e9es de l&rsquo;ONU.La pand\u00e9mie de COVID-19 a exacerb\u00e9 la situation de la s\u00e9curit\u00e9 alimentaire dans le monde entier. Les mesures de confinement et les perturbations \u00e9conomiques ont entra\u00een\u00e9 la perte d&#8217;emplois, la diminution des revenus et une augmentation des prix des denr\u00e9es alimentaires. Les plus vuln\u00e9rables ont \u00e9t\u00e9 les premiers \u00e0 en souffrir, notamment les populations d\u00e9j\u00e0 touch\u00e9es par la pauvret\u00e9 et les conflits.La guerre en Ukraine a \u00e9galement jou\u00e9 un r\u00f4le majeur dans l&rsquo;aggravation de la crise alimentaire mondiale. Les affrontements arm\u00e9s ont d\u00e9plac\u00e9 des millions de personnes, perturbant les activit\u00e9s agricoles et provoquant des p\u00e9nuries alimentaires dans la r\u00e9gion. L&rsquo;acc\u00e8s limit\u00e9 aux ressources de base a conduit \u00e0 une augmentation de la malnutrition et de la famine, en particulier parmi les enfants et les femmes enceintes.Toutefois, c&rsquo;est en Afrique que la situation est la plus pr\u00e9occupante. Le continent fait face \u00e0 une combinaison de d\u00e9fis structurels, tels que le changement climatique, la pauvret\u00e9 persistante, les conflits et la faiblesse des infrastructures agricoles. Selon l&rsquo;ONU, un Africain sur cinq souffre actuellement de la famine, soulignant l&rsquo;urgence d&rsquo;agir pour \u00e9viter une catastrophe humanitaire.Pour r\u00e9pondre \u00e0 cette crise croissante, l&rsquo;ONU appelle \u00e0 une action collective et \u00e0 une mobilisation internationale. Il est essentiel de renforcer les syst\u00e8mes alimentaires durables, d&rsquo;investir dans l&rsquo;agriculture locale, de promouvoir l&rsquo;acc\u00e8s aux ressources et aux technologies agricoles, ainsi que de soutenir les communaut\u00e9s les plus touch\u00e9es.La s\u00e9curit\u00e9 alimentaire est un droit humain fondamental, et il est du devoir de la communaut\u00e9 internationale de garantir que personne ne souffre de la faim. Alors que nous continuons \u00e0 lutter contre la pand\u00e9mie de COVID-19 et \u00e0 r\u00e9soudre les conflits mondiaux, il est imp\u00e9ratif de ne pas n\u00e9gliger la s\u00e9curit\u00e9 alimentaire et de prendre des mesures imm\u00e9diates pour mettre fin \u00e0 la faim et \u00e0 la malnutrition dans le monde.<\/p><\/p>\n","protected":false},"excerpt":{"rendered":"<p>Newyork LI : Mercredi,12 juillet 2023Dans un rapport alarmant publi\u00e9 mercredi, l&rsquo;Organisation des Nations Unies (ONU) met en<\/p>\n","protected":false},"author":8,"featured_media":0,"comment_status":"open","ping_status":"open","sticky":false,"template":"","format":"standard","meta":{"om_disable_all_campaigns":false,"_monsterinsights_skip_tracking":false,"_monsterinsights_sitenote_active":false,"_monsterinsights_sitenote_note":"","_monsterinsights_sitenote_category":0,"_uf_show_specific_survey":0,"_uf_disable_surveys":false,"footnotes":""},"categories":[1],"tags":[],"class_list":["post-1393","post","type-post","status-publish","format-standard","hentry","category-politique-politique"],"yoast_head":"<!-- This site is optimized with the Yoast SEO plugin v26.5 - https:\/\/yoast.com\/wordpress\/plugins\/seo\/ -->\n<title>La s\u00e9curit\u00e9 alimentaire mondiale en p\u00e9ril : le rapport de l&#039;ONU r\u00e9v\u00e8le une augmentation alarmante de la faim. - Les indomptables<\/title>\n<meta name=\"robots\" content=\"index, follow, max-snippet:-1, max-image-preview:large, max-video-preview:-1\" \/>\n<link rel=\"canonical\" href=\"https:\/\/lesindomptables.online\/index.php\/2023\/07\/13\/la-securite-alimentaire-mondiale-en-peril-le-rapport-de-lonu-revele-une-augmentation-alarmante-de-la-faim\/\" \/>\n<meta property=\"og:locale\" content=\"fr_FR\" \/>\n<meta property=\"og:type\" content=\"article\" \/>\n<meta property=\"og:title\" content=\"La s\u00e9curit\u00e9 alimentaire mondiale en p\u00e9ril : le rapport de l&#039;ONU r\u00e9v\u00e8le une augmentation alarmante de la faim. - Les indomptables\" \/>\n<meta property=\"og:description\" content=\"Newyork LI : Mercredi,12 juillet 2023Dans un rapport alarmant publi\u00e9 mercredi, l&rsquo;Organisation des Nations Unies (ONU) met en\" \/>\n<meta property=\"og:url\" content=\"https:\/\/lesindomptables.online\/index.php\/2023\/07\/13\/la-securite-alimentaire-mondiale-en-peril-le-rapport-de-lonu-revele-une-augmentation-alarmante-de-la-faim\/\" \/>\n<meta property=\"og:site_name\" content=\"Les indomptables\" \/>\n<meta property=\"article:published_time\" content=\"2023-07-13T05:43:08+00:00\" \/>\n<meta property=\"article:modified_time\" content=\"2023-07-13T05:43:09+00:00\" \/>\n<meta property=\"og:image\" content=\"https:\/\/lesindomptables.online\/wp-content\/uploads\/2023\/07\/logo-pam-1024x517.jpg\" \/>\n<meta name=\"author\" content=\"Bibiane Guetchop\" \/>\n<meta name=\"twitter:card\" content=\"summary_large_image\" \/>\n<meta name=\"twitter:label1\" content=\"\u00c9crit par\" \/>\n\t<meta name=\"twitter:data1\" content=\"Bibiane Guetchop\" \/>\n\t<meta name=\"twitter:label2\" content=\"Dur\u00e9e de lecture estim\u00e9e\" \/>\n\t<meta name=\"twitter:data2\" content=\"3 minutes\" \/>\n<script type=\"application\/ld+json\" class=\"yoast-schema-graph\">{\"@context\":\"https:\/\/schema.org\",\"@graph\":[{\"@type\":\"Article\",\"@id\":\"https:\/\/lesindomptables.online\/index.php\/2023\/07\/13\/la-securite-alimentaire-mondiale-en-peril-le-rapport-de-lonu-revele-une-augmentation-alarmante-de-la-faim\/#article\",\"isPartOf\":{\"@id\":\"https:\/\/lesindomptables.online\/index.php\/2023\/07\/13\/la-securite-alimentaire-mondiale-en-peril-le-rapport-de-lonu-revele-une-augmentation-alarmante-de-la-faim\/\"},\"author\":{\"name\":\"Bibiane Guetchop\",\"@id\":\"https:\/\/lesindomptables.online\/#\/schema\/person\/fcd0077a288d0152520fa4a2939fff2e\"},\"headline\":\"La s\u00e9curit\u00e9 alimentaire mondiale en p\u00e9ril : le rapport de l&rsquo;ONU r\u00e9v\u00e8le une augmentation alarmante de la faim.\",\"datePublished\":\"2023-07-13T05:43:08+00:00\",\"dateModified\":\"2023-07-13T05:43:09+00:00\",\"mainEntityOfPage\":{\"@id\":\"https:\/\/lesindomptables.online\/index.php\/2023\/07\/13\/la-securite-alimentaire-mondiale-en-peril-le-rapport-de-lonu-revele-une-augmentation-alarmante-de-la-faim\/\"},\"wordCount\":476,\"commentCount\":0,\"publisher\":{\"@id\":\"https:\/\/lesindomptables.online\/#organization\"},\"image\":{\"@id\":\"https:\/\/lesindomptables.online\/index.php\/2023\/07\/13\/la-securite-alimentaire-mondiale-en-peril-le-rapport-de-lonu-revele-une-augmentation-alarmante-de-la-faim\/#primaryimage\"},\"thumbnailUrl\":\"https:\/\/lesindomptables.online\/wp-content\/uploads\/2023\/07\/logo-pam-1024x517.jpg\",\"articleSection\":[\"POLITIQUE\"],\"inLanguage\":\"fr-FR\",\"potentialAction\":[{\"@type\":\"CommentAction\",\"name\":\"Comment\",\"target\":[\"https:\/\/lesindomptables.online\/index.php\/2023\/07\/13\/la-securite-alimentaire-mondiale-en-peril-le-rapport-de-lonu-revele-une-augmentation-alarmante-de-la-faim\/#respond\"]}]},{\"@type\":\"WebPage\",\"@id\":\"https:\/\/lesindomptables.online\/index.php\/2023\/07\/13\/la-securite-alimentaire-mondiale-en-peril-le-rapport-de-lonu-revele-une-augmentation-alarmante-de-la-faim\/\",\"url\":\"https:\/\/lesindomptables.online\/index.php\/2023\/07\/13\/la-securite-alimentaire-mondiale-en-peril-le-rapport-de-lonu-revele-une-augmentation-alarmante-de-la-faim\/\",\"name\":\"La s\u00e9curit\u00e9 alimentaire mondiale en p\u00e9ril : le rapport de l'ONU r\u00e9v\u00e8le une augmentation alarmante de la faim. - Les indomptables\",\"isPartOf\":{\"@id\":\"https:\/\/lesindomptables.online\/#website\"},\"primaryImageOfPage\":{\"@id\":\"https:\/\/lesindomptables.online\/index.php\/2023\/07\/13\/la-securite-alimentaire-mondiale-en-peril-le-rapport-de-lonu-revele-une-augmentation-alarmante-de-la-faim\/#primaryimage\"},\"image\":{\"@id\":\"https:\/\/lesindomptables.online\/index.php\/2023\/07\/13\/la-securite-alimentaire-mondiale-en-peril-le-rapport-de-lonu-revele-une-augmentation-alarmante-de-la-faim\/#primaryimage\"},\"thumbnailUrl\":\"https:\/\/lesindomptables.online\/wp-content\/uploads\/2023\/07\/logo-pam-1024x517.jpg\",\"datePublished\":\"2023-07-13T05:43:08+00:00\",\"dateModified\":\"2023-07-13T05:43:09+00:00\",\"breadcrumb\":{\"@id\":\"https:\/\/lesindomptables.online\/index.php\/2023\/07\/13\/la-securite-alimentaire-mondiale-en-peril-le-rapport-de-lonu-revele-une-augmentation-alarmante-de-la-faim\/#breadcrumb\"},\"inLanguage\":\"fr-FR\",\"potentialAction\":[{\"@type\":\"ReadAction\",\"target\":[\"https:\/\/lesindomptables.online\/index.php\/2023\/07\/13\/la-securite-alimentaire-mondiale-en-peril-le-rapport-de-lonu-revele-une-augmentation-alarmante-de-la-faim\/\"]}]},{\"@type\":\"ImageObject\",\"inLanguage\":\"fr-FR\",\"@id\":\"https:\/\/lesindomptables.online\/index.php\/2023\/07\/13\/la-securite-alimentaire-mondiale-en-peril-le-rapport-de-lonu-revele-une-augmentation-alarmante-de-la-faim\/#primaryimage\",\"url\":\"https:\/\/lesindomptables.online\/wp-content\/uploads\/2023\/07\/logo-pam-1024x517.jpg\",\"contentUrl\":\"https:\/\/lesindomptables.online\/wp-content\/uploads\/2023\/07\/logo-pam-1024x517.jpg\"},{\"@type\":\"BreadcrumbList\",\"@id\":\"https:\/\/lesindomptables.online\/index.php\/2023\/07\/13\/la-securite-alimentaire-mondiale-en-peril-le-rapport-de-lonu-revele-une-augmentation-alarmante-de-la-faim\/#breadcrumb\",\"itemListElement\":[{\"@type\":\"ListItem\",\"position\":1,\"name\":\"Accueil\",\"item\":\"https:\/\/lesindomptables.online\/\"},{\"@type\":\"ListItem\",\"position\":2,\"name\":\"La s\u00e9curit\u00e9 alimentaire mondiale en p\u00e9ril : le rapport de l&rsquo;ONU r\u00e9v\u00e8le une augmentation alarmante de la faim.\"}]},{\"@type\":\"WebSite\",\"@id\":\"https:\/\/lesindomptables.online\/#website\",\"url\":\"https:\/\/lesindomptables.online\/\",\"name\":\"Les indomptables\",\"description\":\"Le Site des indomptables\",\"publisher\":{\"@id\":\"https:\/\/lesindomptables.online\/#organization\"},\"potentialAction\":[{\"@type\":\"SearchAction\",\"target\":{\"@type\":\"EntryPoint\",\"urlTemplate\":\"https:\/\/lesindomptables.online\/?s={search_term_string}\"},\"query-input\":{\"@type\":\"PropertyValueSpecification\",\"valueRequired\":true,\"valueName\":\"search_term_string\"}}],\"inLanguage\":\"fr-FR\"},{\"@type\":\"Organization\",\"@id\":\"https:\/\/lesindomptables.online\/#organization\",\"name\":\"Les indomptables\",\"url\":\"https:\/\/lesindomptables.online\/\",\"logo\":{\"@type\":\"ImageObject\",\"inLanguage\":\"fr-FR\",\"@id\":\"https:\/\/lesindomptables.online\/#\/schema\/logo\/image\/\",\"url\":\"https:\/\/lesindomptables.online\/wp-content\/uploads\/2023\/01\/cropped-logo_site-2.png\",\"contentUrl\":\"https:\/\/lesindomptables.online\/wp-content\/uploads\/2023\/01\/cropped-logo_site-2.png\",\"width\":249,\"height\":107,\"caption\":\"Les indomptables\"},\"image\":{\"@id\":\"https:\/\/lesindomptables.online\/#\/schema\/logo\/image\/\"}},{\"@type\":\"Person\",\"@id\":\"https:\/\/lesindomptables.online\/#\/schema\/person\/fcd0077a288d0152520fa4a2939fff2e\",\"name\":\"Bibiane Guetchop\",\"image\":{\"@type\":\"ImageObject\",\"inLanguage\":\"fr-FR\",\"@id\":\"https:\/\/lesindomptables.online\/#\/schema\/person\/image\/\",\"url\":\"https:\/\/secure.gravatar.com\/avatar\/34a8a5a27af14e43de613833b07219b2393a02425312db921b9dd592740a38cc?s=96&d=mm&r=g\",\"contentUrl\":\"https:\/\/secure.gravatar.com\/avatar\/34a8a5a27af14e43de613833b07219b2393a02425312db921b9dd592740a38cc?s=96&d=mm&r=g\",\"caption\":\"Bibiane Guetchop\"},\"sameAs\":[\"http:\/\/lesindomptables.online\"],\"url\":\"https:\/\/lesindomptables.online\/index.php\/author\/guetchop-bibiane\/\"}]}<\/script>\n<!-- \/ Yoast SEO plugin. -->","yoast_head_json":{"title":"La s\u00e9curit\u00e9 alimentaire mondiale en p\u00e9ril : le rapport de l'ONU r\u00e9v\u00e8le une augmentation alarmante de la faim. - Les indomptables","robots":{"index":"index","follow":"follow","max-snippet":"max-snippet:-1","max-image-preview":"max-image-preview:large","max-video-preview":"max-video-preview:-1"},"canonical":"https:\/\/lesindomptables.online\/index.php\/2023\/07\/13\/la-securite-alimentaire-mondiale-en-peril-le-rapport-de-lonu-revele-une-augmentation-alarmante-de-la-faim\/","og_locale":"fr_FR","og_type":"article","og_title":"La s\u00e9curit\u00e9 alimentaire mondiale en p\u00e9ril : le rapport de l'ONU r\u00e9v\u00e8le une augmentation alarmante de la faim. - Les indomptables","og_description":"Newyork LI : Mercredi,12 juillet 2023Dans un rapport alarmant publi\u00e9 mercredi, l&rsquo;Organisation des Nations Unies (ONU) met en","og_url":"https:\/\/lesindomptables.online\/index.php\/2023\/07\/13\/la-securite-alimentaire-mondiale-en-peril-le-rapport-de-lonu-revele-une-augmentation-alarmante-de-la-faim\/","og_site_name":"Les indomptables","article_published_time":"2023-07-13T05:43:08+00:00","article_modified_time":"2023-07-13T05:43:09+00:00","og_image":[{"url":"https:\/\/lesindomptables.online\/wp-content\/uploads\/2023\/07\/logo-pam-1024x517.jpg","type":"","width":"","height":""}],"author":"Bibiane Guetchop","twitter_card":"summary_large_image","twitter_misc":{"\u00c9crit par":"Bibiane Guetchop","Dur\u00e9e de lecture estim\u00e9e":"3 minutes"},"schema":{"@context":"https:\/\/schema.org","@graph":[{"@type":"Article","@id":"https:\/\/lesindomptables.online\/index.php\/2023\/07\/13\/la-securite-alimentaire-mondiale-en-peril-le-rapport-de-lonu-revele-une-augmentation-alarmante-de-la-faim\/#article","isPartOf":{"@id":"https:\/\/lesindomptables.online\/index.php\/2023\/07\/13\/la-securite-alimentaire-mondiale-en-peril-le-rapport-de-lonu-revele-une-augmentation-alarmante-de-la-faim\/"},"author":{"name":"Bibiane Guetchop","@id":"https:\/\/lesindomptables.online\/#\/schema\/person\/fcd0077a288d0152520fa4a2939fff2e"},"headline":"La s\u00e9curit\u00e9 alimentaire mondiale en p\u00e9ril : le rapport de l&rsquo;ONU r\u00e9v\u00e8le une augmentation alarmante de la faim.","datePublished":"2023-07-13T05:43:08+00:00","dateModified":"2023-07-13T05:43:09+00:00","mainEntityOfPage":{"@id":"https:\/\/lesindomptables.online\/index.php\/2023\/07\/13\/la-securite-alimentaire-mondiale-en-peril-le-rapport-de-lonu-revele-une-augmentation-alarmante-de-la-faim\/"},"wordCount":476,"commentCount":0,"publisher":{"@id":"https:\/\/lesindomptables.online\/#organization"},"image":{"@id":"https:\/\/lesindomptables.online\/index.php\/2023\/07\/13\/la-securite-alimentaire-mondiale-en-peril-le-rapport-de-lonu-revele-une-augmentation-alarmante-de-la-faim\/#primaryimage"},"thumbnailUrl":"https:\/\/lesindomptables.online\/wp-content\/uploads\/2023\/07\/logo-pam-1024x517.jpg","articleSection":["POLITIQUE"],"inLanguage":"fr-FR","potentialAction":[{"@type":"CommentAction","name":"Comment","target":["https:\/\/lesindomptables.online\/index.php\/2023\/07\/13\/la-securite-alimentaire-mondiale-en-peril-le-rapport-de-lonu-revele-une-augmentation-alarmante-de-la-faim\/#respond"]}]},{"@type":"WebPage","@id":"https:\/\/lesindomptables.online\/index.php\/2023\/07\/13\/la-securite-alimentaire-mondiale-en-peril-le-rapport-de-lonu-revele-une-augmentation-alarmante-de-la-faim\/","url":"https:\/\/lesindomptables.online\/index.php\/2023\/07\/13\/la-securite-alimentaire-mondiale-en-peril-le-rapport-de-lonu-revele-une-augmentation-alarmante-de-la-faim\/","name":"La s\u00e9curit\u00e9 alimentaire mondiale en p\u00e9ril : le rapport de l'ONU r\u00e9v\u00e8le une augmentation alarmante de la faim. - Les indomptables","isPartOf":{"@id":"https:\/\/lesindomptables.online\/#website"},"primaryImageOfPage":{"@id":"https:\/\/lesindomptables.online\/index.php\/2023\/07\/13\/la-securite-alimentaire-mondiale-en-peril-le-rapport-de-lonu-revele-une-augmentation-alarmante-de-la-faim\/#primaryimage"},"image":{"@id":"https:\/\/lesindomptables.online\/index.php\/2023\/07\/13\/la-securite-alimentaire-mondiale-en-peril-le-rapport-de-lonu-revele-une-augmentation-alarmante-de-la-faim\/#primaryimage"},"thumbnailUrl":"https:\/\/lesindomptables.online\/wp-content\/uploads\/2023\/07\/logo-pam-1024x517.jpg","datePublished":"2023-07-13T05:43:08+00:00","dateModified":"2023-07-13T05:43:09+00:00","breadcrumb":{"@id":"https:\/\/lesindomptables.online\/index.php\/2023\/07\/13\/la-securite-alimentaire-mondiale-en-peril-le-rapport-de-lonu-revele-une-augmentation-alarmante-de-la-faim\/#breadcrumb"},"inLanguage":"fr-FR","potentialAction":[{"@type":"ReadAction","target":["https:\/\/lesindomptables.online\/index.php\/2023\/07\/13\/la-securite-alimentaire-mondiale-en-peril-le-rapport-de-lonu-revele-une-augmentation-alarmante-de-la-faim\/"]}]},{"@type":"ImageObject","inLanguage":"fr-FR","@id":"https:\/\/lesindomptables.online\/index.php\/2023\/07\/13\/la-securite-alimentaire-mondiale-en-peril-le-rapport-de-lonu-revele-une-augmentation-alarmante-de-la-faim\/#primaryimage","url":"https:\/\/lesindomptables.online\/wp-content\/uploads\/2023\/07\/logo-pam-1024x517.jpg","contentUrl":"https:\/\/lesindomptables.online\/wp-content\/uploads\/2023\/07\/logo-pam-1024x517.jpg"},{"@type":"BreadcrumbList","@id":"https:\/\/lesindomptables.online\/index.php\/2023\/07\/13\/la-securite-alimentaire-mondiale-en-peril-le-rapport-de-lonu-revele-une-augmentation-alarmante-de-la-faim\/#breadcrumb","itemListElement":[{"@type":"ListItem","position":1,"name":"Accueil","item":"https:\/\/lesindomptables.online\/"},{"@type":"ListItem","position":2,"name":"La s\u00e9curit\u00e9 alimentaire mondiale en p\u00e9ril : le rapport de l&rsquo;ONU r\u00e9v\u00e8le une augmentation alarmante de la faim."}]},{"@type":"WebSite","@id":"https:\/\/lesindomptables.online\/#website","url":"https:\/\/lesindomptables.online\/","name":"Les indomptables","description":"Le Site des indomptables","publisher":{"@id":"https:\/\/lesindomptables.online\/#organization"},"potentialAction":[{"@type":"SearchAction","target":{"@type":"EntryPoint","urlTemplate":"https:\/\/lesindomptables.online\/?s={search_term_string}"},"query-input":{"@type":"PropertyValueSpecification","valueRequired":true,"valueName":"search_term_string"}}],"inLanguage":"fr-FR"},{"@type":"Organization","@id":"https:\/\/lesindomptables.online\/#organization","name":"Les indomptables","url":"https:\/\/lesindomptables.online\/","logo":{"@type":"ImageObject","inLanguage":"fr-FR","@id":"https:\/\/lesindomptables.online\/#\/schema\/logo\/image\/","url":"https:\/\/lesindomptables.online\/wp-content\/uploads\/2023\/01\/cropped-logo_site-2.png","contentUrl":"https:\/\/lesindomptables.online\/wp-content\/uploads\/2023\/01\/cropped-logo_site-2.png","width":249,"height":107,"caption":"Les indomptables"},"image":{"@id":"https:\/\/lesindomptables.online\/#\/schema\/logo\/image\/"}},{"@type":"Person","@id":"https:\/\/lesindomptables.online\/#\/schema\/person\/fcd0077a288d0152520fa4a2939fff2e","name":"Bibiane Guetchop","image":{"@type":"ImageObject","inLanguage":"fr-FR","@id":"https:\/\/lesindomptables.online\/#\/schema\/person\/image\/","url":"https:\/\/secure.gravatar.com\/avatar\/34a8a5a27af14e43de613833b07219b2393a02425312db921b9dd592740a38cc?s=96&d=mm&r=g","contentUrl":"https:\/\/secure.gravatar.com\/avatar\/34a8a5a27af14e43de613833b07219b2393a02425312db921b9dd592740a38cc?s=96&d=mm&r=g","caption":"Bibiane Guetchop"},"sameAs":["http:\/\/lesindomptables.online"],"url":"https:\/\/lesindomptables.online\/index.php\/author\/guetchop-bibiane\/"}]}},"featured_image_urls":{"full":"","thumbnail":"","medium":"","medium_large":"","large":"","1536x1536":"","2048x2048":"","morenews-featured":"","morenews-large":"","morenews-medium":"","woocommerce_thumbnail":"","woocommerce_single":"","woocommerce_gallery_thumbnail":""},"author_info":{"display_name":"Bibiane Guetchop","author_link":"https:\/\/lesindomptables.online\/index.php\/author\/guetchop-bibiane\/"},"category_info":"<a href=\"https:\/\/lesindomptables.online\/index.php\/category\/politique\/politique-politique\/\" rel=\"category tag\">POLITIQUE<\/a>","tag_info":"POLITIQUE","comment_count":"0","_links":{"self":[{"href":"https:\/\/lesindomptables.online\/index.php\/wp-json\/wp\/v2\/posts\/1393","targetHints":{"allow":["GET"]}}],"collection":[{"href":"https:\/\/lesindomptables.online\/index.php\/wp-json\/wp\/v2\/posts"}],"about":[{"href":"https:\/\/lesindomptables.online\/index.php\/wp-json\/wp\/v2\/types\/post"}],"author":[{"embeddable":true,"href":"https:\/\/lesindomptables.online\/index.php\/wp-json\/wp\/v2\/users\/8"}],"replies":[{"embeddable":true,"href":"https:\/\/lesindomptables.online\/index.php\/wp-json\/wp\/v2\/comments?post=1393"}],"version-history":[{"count":1,"href":"https:\/\/lesindomptables.online\/index.php\/wp-json\/wp\/v2\/posts\/1393\/revisions"}],"predecessor-version":[{"id":1395,"href":"https:\/\/lesindomptables.online\/index.php\/wp-json\/wp\/v2\/posts\/1393\/revisions\/1395"}],"wp:attachment":[{"href":"https:\/\/lesindomptables.online\/index.php\/wp-json\/wp\/v2\/media?parent=1393"}],"wp:term":[{"taxonomy":"category","embeddable":true,"href":"https:\/\/lesindomptables.online\/index.php\/wp-json\/wp\/v2\/categories?post=1393"},{"taxonomy":"post_tag","embeddable":true,"href":"https:\/\/lesindomptables.online\/index.php\/wp-json\/wp\/v2\/tags?post=1393"}],"curies":[{"name":"wp","href":"https:\/\/api.w.org\/{rel}","templated":true}]}}