{"id":1547,"date":"2023-08-08T01:28:02","date_gmt":"2023-08-08T01:28:02","guid":{"rendered":"https:\/\/lesindomptables.online\/?p=1547"},"modified":"2023-08-08T01:28:03","modified_gmt":"2023-08-08T01:28:03","slug":"ousmane-sonko-opposant-senegalais-hospitalise-durgence-suite-a-sa-greve-de-la-faim","status":"publish","type":"post","link":"https:\/\/lesindomptables.online\/index.php\/2023\/08\/08\/ousmane-sonko-opposant-senegalais-hospitalise-durgence-suite-a-sa-greve-de-la-faim\/","title":{"rendered":"\u00ab\u00a0Ousmane Sonko, opposant s\u00e9n\u00e9galais, hospitalis\u00e9 d&rsquo;urgence suite \u00e0 sa gr\u00e8ve de la faim\u00a0\u00bb"},"content":{"rendered":"\n<figure class=\"wp-block-image size-large\"><img fetchpriority=\"high\" decoding=\"async\" width=\"1024\" height=\"512\" src=\"https:\/\/lesindomptables.online\/wp-content\/uploads\/2023\/08\/jad20230630-tribune-senegal-sonko-01-1256x628-1691396225-1024x512.jpg\" alt=\"\" class=\"wp-image-1548\" srcset=\"https:\/\/lesindomptables.online\/wp-content\/uploads\/2023\/08\/jad20230630-tribune-senegal-sonko-01-1256x628-1691396225-1024x512.jpg 1024w, https:\/\/lesindomptables.online\/wp-content\/uploads\/2023\/08\/jad20230630-tribune-senegal-sonko-01-1256x628-1691396225-300x150.jpg 300w, https:\/\/lesindomptables.online\/wp-content\/uploads\/2023\/08\/jad20230630-tribune-senegal-sonko-01-1256x628-1691396225-768x384.jpg 768w, https:\/\/lesindomptables.online\/wp-content\/uploads\/2023\/08\/jad20230630-tribune-senegal-sonko-01-1256x628-1691396225-600x300.jpg 600w, https:\/\/lesindomptables.online\/wp-content\/uploads\/2023\/08\/jad20230630-tribune-senegal-sonko-01-1256x628-1691396225.jpg 1256w\" sizes=\"(max-width: 1024px) 100vw, 1024px\" \/><\/figure>\n\n\n\n<p>L&rsquo;\u00e9tat de sant\u00e9 de l&rsquo;opposant s\u00e9n\u00e9galais Ousmane Sonko s&rsquo;est d\u00e9t\u00e9rior\u00e9, conduisant \u00e0 son hospitalisation d&rsquo;urgence \u00e0 Dakar, la capitale du S\u00e9n\u00e9gal. Il entame depuis huit jours une gr\u00e8ve de la faim pour protester contre son arrestation et les accusations port\u00e9es \u00e0 son encontre, qu&rsquo;il estime injustes.<\/p>\n\n\n\n<p>Selon le site d&rsquo;information Seneweb, Ousmane Sonko, figure de l&rsquo;opposition s\u00e9n\u00e9galaise, a \u00e9t\u00e9 transf\u00e9r\u00e9 dans un h\u00f4pital de Dakar en raison de l&rsquo;aggravation de son \u00e9tat physique. Sonko, ancien candidat \u00e0 la pr\u00e9sidentielle de 2019 et leader du parti politique Pastef, a \u00e9t\u00e9 plac\u00e9 en garde \u00e0 vue le mois dernier pour \u00ab\u00a0trouble \u00e0 l&rsquo;ordre public\u00a0\u00bb apr\u00e8s des manifestations contre lui. Il est accus\u00e9 de viols par une masseuse, des all\u00e9gations qu&rsquo;il nie fermement et consid\u00e8re comme une man\u0153uvre politique visant \u00e0 lui nuire.<\/p>\n\n\n\n<p>La gr\u00e8ve de la faim entreprise par Ousmane Sonko est une protestation contre son arrestation et les accusations port\u00e9es contre lui. Il affirme que ces charges sont infond\u00e9es et politiquement motiv\u00e9es, dans le but de r\u00e9duire son influence et sa popularit\u00e9. Le leader de l&rsquo;opposition s\u00e9n\u00e9galaise a d\u00e9clar\u00e9 publiquement qu&rsquo;il refuserait de se nourrir tant que sa situation ne serait pas clarifi\u00e9e et que ses droits fondamentaux ne seraient pas respect\u00e9s.<\/p>\n\n\n\n<p>L&rsquo;hospitalisation d&rsquo;urgence d&rsquo;Ousmane Sonko soul\u00e8ve des inqui\u00e9tudes quant \u00e0 son \u00e9tat de sant\u00e9. Sa gr\u00e8ve de la faim prolong\u00e9e pourrait avoir des cons\u00e9quences n\u00e9fastes sur son organisme, n\u00e9cessitant ainsi une intervention m\u00e9dicale. Les sympathisants de Sonko et les d\u00e9fenseurs des droits de l&rsquo;homme demandent que ses droits \u00e0 la sant\u00e9 et \u00e0 un traitement m\u00e9dical ad\u00e9quat soient respect\u00e9s.<\/p>\n\n\n\n<p>Cette affaire suscite \u00e9galement un d\u00e9bat politique et une polarisation au S\u00e9n\u00e9gal. Les partisans d&rsquo;Ousmane Sonko voient en son arrestation et en son hospitalisation forc\u00e9e une tentative du gouvernement de r\u00e9duire au silence une voix dissidente et de perturber le jeu politique avant les prochaines \u00e9lections pr\u00e9sidentielles pr\u00e9vues en 2024. Les autorit\u00e9s s\u00e9n\u00e9galaises, quant \u00e0 elles, maintiennent que Sonko a \u00e9t\u00e9 arr\u00eat\u00e9 conform\u00e9ment \u00e0 la loi et que les accusations port\u00e9es contre lui doivent \u00eatre trait\u00e9es de mani\u00e8re ind\u00e9pendante par la justice.<\/p>\n\n\n\n<p>Alors que la sant\u00e9 d&rsquo;Ousmane Sonko reste pr\u00e9occupante et que la tension politique s&rsquo;intensifie, de nombreux observateurs internationaux appellent au respect des droits de l&rsquo;homme et \u00e0 une r\u00e9solution pacifique de cette situation. L&rsquo;\u00e9volution de l&rsquo;\u00e9tat de sant\u00e9 d&rsquo;Ousmane Sonko et les r\u00e9actions des autorit\u00e9s s\u00e9n\u00e9galaises seront suivies de pr\u00e8s, tant au niveau national qu&rsquo;international.<\/p>\n","protected":false},"excerpt":{"rendered":"<p>L&rsquo;\u00e9tat de sant\u00e9 de l&rsquo;opposant s\u00e9n\u00e9galais Ousmane Sonko s&rsquo;est d\u00e9t\u00e9rior\u00e9, conduisant \u00e0 son hospitalisation d&rsquo;urgence \u00e0 Dakar, la<\/p>\n","protected":false},"author":9,"featured_media":0,"comment_status":"open","ping_status":"open","sticky":false,"template":"","format":"standard","meta":{"om_disable_all_campaigns":false,"_monsterinsights_skip_tracking":false,"_monsterinsights_sitenote_active":false,"_monsterinsights_sitenote_note":"","_monsterinsights_sitenote_category":0,"_uf_show_specific_survey":0,"_uf_disable_surveys":false,"footnotes":""},"categories":[4,302],"tags":[536,535],"class_list":["post-1547","post","type-post","status-publish","format-standard","hentry","category-afrique","category-politique-afrique","tag-greve-de-la-faim","tag-ousmane-sonko"],"yoast_head":"<!-- This site is optimized with the Yoast SEO plugin v26.5 - https:\/\/yoast.com\/wordpress\/plugins\/seo\/ -->\n<title>&quot;Ousmane Sonko, opposant s\u00e9n\u00e9galais, hospitalis\u00e9 d&#039;urgence suite \u00e0 sa gr\u00e8ve de la faim&quot; - Les indomptables<\/title>\n<meta name=\"robots\" content=\"index, follow, max-snippet:-1, max-image-preview:large, max-video-preview:-1\" \/>\n<link rel=\"canonical\" href=\"https:\/\/lesindomptables.online\/index.php\/2023\/08\/08\/ousmane-sonko-opposant-senegalais-hospitalise-durgence-suite-a-sa-greve-de-la-faim\/\" \/>\n<meta property=\"og:locale\" content=\"fr_FR\" \/>\n<meta property=\"og:type\" content=\"article\" \/>\n<meta property=\"og:title\" content=\"&quot;Ousmane Sonko, opposant s\u00e9n\u00e9galais, hospitalis\u00e9 d&#039;urgence suite \u00e0 sa gr\u00e8ve de la faim&quot; - Les indomptables\" \/>\n<meta property=\"og:description\" content=\"L&rsquo;\u00e9tat de sant\u00e9 de l&rsquo;opposant s\u00e9n\u00e9galais Ousmane Sonko s&rsquo;est d\u00e9t\u00e9rior\u00e9, conduisant \u00e0 son hospitalisation d&rsquo;urgence \u00e0 Dakar, la\" \/>\n<meta property=\"og:url\" content=\"https:\/\/lesindomptables.online\/index.php\/2023\/08\/08\/ousmane-sonko-opposant-senegalais-hospitalise-durgence-suite-a-sa-greve-de-la-faim\/\" \/>\n<meta property=\"og:site_name\" content=\"Les indomptables\" \/>\n<meta property=\"article:published_time\" content=\"2023-08-08T01:28:02+00:00\" \/>\n<meta property=\"article:modified_time\" content=\"2023-08-08T01:28:03+00:00\" \/>\n<meta property=\"og:image\" content=\"https:\/\/lesindomptables.online\/wp-content\/uploads\/2023\/08\/jad20230630-tribune-senegal-sonko-01-1256x628-1691396225-1024x512.jpg\" \/>\n<meta name=\"author\" content=\"Guy Alain Maben Nsang\" \/>\n<meta name=\"twitter:card\" content=\"summary_large_image\" \/>\n<meta name=\"twitter:label1\" content=\"\u00c9crit par\" \/>\n\t<meta name=\"twitter:data1\" content=\"Guy Alain Maben Nsang\" \/>\n\t<meta name=\"twitter:label2\" content=\"Dur\u00e9e de lecture estim\u00e9e\" \/>\n\t<meta name=\"twitter:data2\" content=\"3 minutes\" \/>\n<script type=\"application\/ld+json\" class=\"yoast-schema-graph\">{\"@context\":\"https:\/\/schema.org\",\"@graph\":[{\"@type\":\"Article\",\"@id\":\"https:\/\/lesindomptables.online\/index.php\/2023\/08\/08\/ousmane-sonko-opposant-senegalais-hospitalise-durgence-suite-a-sa-greve-de-la-faim\/#article\",\"isPartOf\":{\"@id\":\"https:\/\/lesindomptables.online\/index.php\/2023\/08\/08\/ousmane-sonko-opposant-senegalais-hospitalise-durgence-suite-a-sa-greve-de-la-faim\/\"},\"author\":{\"name\":\"Guy Alain Maben Nsang\",\"@id\":\"https:\/\/lesindomptables.online\/#\/schema\/person\/ec20b38c42683a39d8aa2db5ca6f1614\"},\"headline\":\"\u00ab\u00a0Ousmane Sonko, opposant s\u00e9n\u00e9galais, hospitalis\u00e9 d&rsquo;urgence suite \u00e0 sa gr\u00e8ve de la faim\u00a0\u00bb\",\"datePublished\":\"2023-08-08T01:28:02+00:00\",\"dateModified\":\"2023-08-08T01:28:03+00:00\",\"mainEntityOfPage\":{\"@id\":\"https:\/\/lesindomptables.online\/index.php\/2023\/08\/08\/ousmane-sonko-opposant-senegalais-hospitalise-durgence-suite-a-sa-greve-de-la-faim\/\"},\"wordCount\":483,\"commentCount\":0,\"publisher\":{\"@id\":\"https:\/\/lesindomptables.online\/#organization\"},\"image\":{\"@id\":\"https:\/\/lesindomptables.online\/index.php\/2023\/08\/08\/ousmane-sonko-opposant-senegalais-hospitalise-durgence-suite-a-sa-greve-de-la-faim\/#primaryimage\"},\"thumbnailUrl\":\"https:\/\/lesindomptables.online\/wp-content\/uploads\/2023\/08\/jad20230630-tribune-senegal-sonko-01-1256x628-1691396225-1024x512.jpg\",\"keywords\":[\"gr\u00e9ve de la faim\",\"ousmane sonko\"],\"articleSection\":[\"Afrique\",\"Politique\"],\"inLanguage\":\"fr-FR\",\"potentialAction\":[{\"@type\":\"CommentAction\",\"name\":\"Comment\",\"target\":[\"https:\/\/lesindomptables.online\/index.php\/2023\/08\/08\/ousmane-sonko-opposant-senegalais-hospitalise-durgence-suite-a-sa-greve-de-la-faim\/#respond\"]}]},{\"@type\":\"WebPage\",\"@id\":\"https:\/\/lesindomptables.online\/index.php\/2023\/08\/08\/ousmane-sonko-opposant-senegalais-hospitalise-durgence-suite-a-sa-greve-de-la-faim\/\",\"url\":\"https:\/\/lesindomptables.online\/index.php\/2023\/08\/08\/ousmane-sonko-opposant-senegalais-hospitalise-durgence-suite-a-sa-greve-de-la-faim\/\",\"name\":\"\\\"Ousmane Sonko, opposant s\u00e9n\u00e9galais, hospitalis\u00e9 d'urgence suite \u00e0 sa gr\u00e8ve de la faim\\\" - Les indomptables\",\"isPartOf\":{\"@id\":\"https:\/\/lesindomptables.online\/#website\"},\"primaryImageOfPage\":{\"@id\":\"https:\/\/lesindomptables.online\/index.php\/2023\/08\/08\/ousmane-sonko-opposant-senegalais-hospitalise-durgence-suite-a-sa-greve-de-la-faim\/#primaryimage\"},\"image\":{\"@id\":\"https:\/\/lesindomptables.online\/index.php\/2023\/08\/08\/ousmane-sonko-opposant-senegalais-hospitalise-durgence-suite-a-sa-greve-de-la-faim\/#primaryimage\"},\"thumbnailUrl\":\"https:\/\/lesindomptables.online\/wp-content\/uploads\/2023\/08\/jad20230630-tribune-senegal-sonko-01-1256x628-1691396225-1024x512.jpg\",\"datePublished\":\"2023-08-08T01:28:02+00:00\",\"dateModified\":\"2023-08-08T01:28:03+00:00\",\"breadcrumb\":{\"@id\":\"https:\/\/lesindomptables.online\/index.php\/2023\/08\/08\/ousmane-sonko-opposant-senegalais-hospitalise-durgence-suite-a-sa-greve-de-la-faim\/#breadcrumb\"},\"inLanguage\":\"fr-FR\",\"potentialAction\":[{\"@type\":\"ReadAction\",\"target\":[\"https:\/\/lesindomptables.online\/index.php\/2023\/08\/08\/ousmane-sonko-opposant-senegalais-hospitalise-durgence-suite-a-sa-greve-de-la-faim\/\"]}]},{\"@type\":\"ImageObject\",\"inLanguage\":\"fr-FR\",\"@id\":\"https:\/\/lesindomptables.online\/index.php\/2023\/08\/08\/ousmane-sonko-opposant-senegalais-hospitalise-durgence-suite-a-sa-greve-de-la-faim\/#primaryimage\",\"url\":\"https:\/\/lesindomptables.online\/wp-content\/uploads\/2023\/08\/jad20230630-tribune-senegal-sonko-01-1256x628-1691396225-1024x512.jpg\",\"contentUrl\":\"https:\/\/lesindomptables.online\/wp-content\/uploads\/2023\/08\/jad20230630-tribune-senegal-sonko-01-1256x628-1691396225-1024x512.jpg\"},{\"@type\":\"BreadcrumbList\",\"@id\":\"https:\/\/lesindomptables.online\/index.php\/2023\/08\/08\/ousmane-sonko-opposant-senegalais-hospitalise-durgence-suite-a-sa-greve-de-la-faim\/#breadcrumb\",\"itemListElement\":[{\"@type\":\"ListItem\",\"position\":1,\"name\":\"Accueil\",\"item\":\"https:\/\/lesindomptables.online\/\"},{\"@type\":\"ListItem\",\"position\":2,\"name\":\"\u00ab\u00a0Ousmane Sonko, opposant s\u00e9n\u00e9galais, hospitalis\u00e9 d&rsquo;urgence suite \u00e0 sa gr\u00e8ve de la faim\u00a0\u00bb\"}]},{\"@type\":\"WebSite\",\"@id\":\"https:\/\/lesindomptables.online\/#website\",\"url\":\"https:\/\/lesindomptables.online\/\",\"name\":\"Les indomptables\",\"description\":\"Le Site des indomptables\",\"publisher\":{\"@id\":\"https:\/\/lesindomptables.online\/#organization\"},\"potentialAction\":[{\"@type\":\"SearchAction\",\"target\":{\"@type\":\"EntryPoint\",\"urlTemplate\":\"https:\/\/lesindomptables.online\/?s={search_term_string}\"},\"query-input\":{\"@type\":\"PropertyValueSpecification\",\"valueRequired\":true,\"valueName\":\"search_term_string\"}}],\"inLanguage\":\"fr-FR\"},{\"@type\":\"Organization\",\"@id\":\"https:\/\/lesindomptables.online\/#organization\",\"name\":\"Les indomptables\",\"url\":\"https:\/\/lesindomptables.online\/\",\"logo\":{\"@type\":\"ImageObject\",\"inLanguage\":\"fr-FR\",\"@id\":\"https:\/\/lesindomptables.online\/#\/schema\/logo\/image\/\",\"url\":\"https:\/\/lesindomptables.online\/wp-content\/uploads\/2023\/01\/cropped-logo_site-2.png\",\"contentUrl\":\"https:\/\/lesindomptables.online\/wp-content\/uploads\/2023\/01\/cropped-logo_site-2.png\",\"width\":249,\"height\":107,\"caption\":\"Les indomptables\"},\"image\":{\"@id\":\"https:\/\/lesindomptables.online\/#\/schema\/logo\/image\/\"}},{\"@type\":\"Person\",\"@id\":\"https:\/\/lesindomptables.online\/#\/schema\/person\/ec20b38c42683a39d8aa2db5ca6f1614\",\"name\":\"Guy Alain Maben Nsang\",\"image\":{\"@type\":\"ImageObject\",\"inLanguage\":\"fr-FR\",\"@id\":\"https:\/\/lesindomptables.online\/#\/schema\/person\/image\/\",\"url\":\"https:\/\/secure.gravatar.com\/avatar\/65a8ecf8d052c3e1474828f887eb64bef66d8645b25ea4be6a95a67d56612ca1?s=96&d=mm&r=g\",\"contentUrl\":\"https:\/\/secure.gravatar.com\/avatar\/65a8ecf8d052c3e1474828f887eb64bef66d8645b25ea4be6a95a67d56612ca1?s=96&d=mm&r=g\",\"caption\":\"Guy Alain Maben Nsang\"},\"sameAs\":[\"http:\/\/lesindomptables.online\"],\"url\":\"https:\/\/lesindomptables.online\/index.php\/author\/maben\/\"}]}<\/script>\n<!-- \/ Yoast SEO plugin. -->","yoast_head_json":{"title":"\"Ousmane Sonko, opposant s\u00e9n\u00e9galais, hospitalis\u00e9 d'urgence suite \u00e0 sa gr\u00e8ve de la faim\" - Les indomptables","robots":{"index":"index","follow":"follow","max-snippet":"max-snippet:-1","max-image-preview":"max-image-preview:large","max-video-preview":"max-video-preview:-1"},"canonical":"https:\/\/lesindomptables.online\/index.php\/2023\/08\/08\/ousmane-sonko-opposant-senegalais-hospitalise-durgence-suite-a-sa-greve-de-la-faim\/","og_locale":"fr_FR","og_type":"article","og_title":"\"Ousmane Sonko, opposant s\u00e9n\u00e9galais, hospitalis\u00e9 d'urgence suite \u00e0 sa gr\u00e8ve de la faim\" - Les indomptables","og_description":"L&rsquo;\u00e9tat de sant\u00e9 de l&rsquo;opposant s\u00e9n\u00e9galais Ousmane Sonko s&rsquo;est d\u00e9t\u00e9rior\u00e9, conduisant \u00e0 son hospitalisation d&rsquo;urgence \u00e0 Dakar, la","og_url":"https:\/\/lesindomptables.online\/index.php\/2023\/08\/08\/ousmane-sonko-opposant-senegalais-hospitalise-durgence-suite-a-sa-greve-de-la-faim\/","og_site_name":"Les indomptables","article_published_time":"2023-08-08T01:28:02+00:00","article_modified_time":"2023-08-08T01:28:03+00:00","og_image":[{"url":"https:\/\/lesindomptables.online\/wp-content\/uploads\/2023\/08\/jad20230630-tribune-senegal-sonko-01-1256x628-1691396225-1024x512.jpg","type":"","width":"","height":""}],"author":"Guy Alain Maben Nsang","twitter_card":"summary_large_image","twitter_misc":{"\u00c9crit par":"Guy Alain Maben Nsang","Dur\u00e9e de lecture estim\u00e9e":"3 minutes"},"schema":{"@context":"https:\/\/schema.org","@graph":[{"@type":"Article","@id":"https:\/\/lesindomptables.online\/index.php\/2023\/08\/08\/ousmane-sonko-opposant-senegalais-hospitalise-durgence-suite-a-sa-greve-de-la-faim\/#article","isPartOf":{"@id":"https:\/\/lesindomptables.online\/index.php\/2023\/08\/08\/ousmane-sonko-opposant-senegalais-hospitalise-durgence-suite-a-sa-greve-de-la-faim\/"},"author":{"name":"Guy Alain Maben Nsang","@id":"https:\/\/lesindomptables.online\/#\/schema\/person\/ec20b38c42683a39d8aa2db5ca6f1614"},"headline":"\u00ab\u00a0Ousmane Sonko, opposant s\u00e9n\u00e9galais, hospitalis\u00e9 d&rsquo;urgence suite \u00e0 sa gr\u00e8ve de la faim\u00a0\u00bb","datePublished":"2023-08-08T01:28:02+00:00","dateModified":"2023-08-08T01:28:03+00:00","mainEntityOfPage":{"@id":"https:\/\/lesindomptables.online\/index.php\/2023\/08\/08\/ousmane-sonko-opposant-senegalais-hospitalise-durgence-suite-a-sa-greve-de-la-faim\/"},"wordCount":483,"commentCount":0,"publisher":{"@id":"https:\/\/lesindomptables.online\/#organization"},"image":{"@id":"https:\/\/lesindomptables.online\/index.php\/2023\/08\/08\/ousmane-sonko-opposant-senegalais-hospitalise-durgence-suite-a-sa-greve-de-la-faim\/#primaryimage"},"thumbnailUrl":"https:\/\/lesindomptables.online\/wp-content\/uploads\/2023\/08\/jad20230630-tribune-senegal-sonko-01-1256x628-1691396225-1024x512.jpg","keywords":["gr\u00e9ve de la faim","ousmane sonko"],"articleSection":["Afrique","Politique"],"inLanguage":"fr-FR","potentialAction":[{"@type":"CommentAction","name":"Comment","target":["https:\/\/lesindomptables.online\/index.php\/2023\/08\/08\/ousmane-sonko-opposant-senegalais-hospitalise-durgence-suite-a-sa-greve-de-la-faim\/#respond"]}]},{"@type":"WebPage","@id":"https:\/\/lesindomptables.online\/index.php\/2023\/08\/08\/ousmane-sonko-opposant-senegalais-hospitalise-durgence-suite-a-sa-greve-de-la-faim\/","url":"https:\/\/lesindomptables.online\/index.php\/2023\/08\/08\/ousmane-sonko-opposant-senegalais-hospitalise-durgence-suite-a-sa-greve-de-la-faim\/","name":"\"Ousmane Sonko, opposant s\u00e9n\u00e9galais, hospitalis\u00e9 d'urgence suite \u00e0 sa gr\u00e8ve de la faim\" - Les indomptables","isPartOf":{"@id":"https:\/\/lesindomptables.online\/#website"},"primaryImageOfPage":{"@id":"https:\/\/lesindomptables.online\/index.php\/2023\/08\/08\/ousmane-sonko-opposant-senegalais-hospitalise-durgence-suite-a-sa-greve-de-la-faim\/#primaryimage"},"image":{"@id":"https:\/\/lesindomptables.online\/index.php\/2023\/08\/08\/ousmane-sonko-opposant-senegalais-hospitalise-durgence-suite-a-sa-greve-de-la-faim\/#primaryimage"},"thumbnailUrl":"https:\/\/lesindomptables.online\/wp-content\/uploads\/2023\/08\/jad20230630-tribune-senegal-sonko-01-1256x628-1691396225-1024x512.jpg","datePublished":"2023-08-08T01:28:02+00:00","dateModified":"2023-08-08T01:28:03+00:00","breadcrumb":{"@id":"https:\/\/lesindomptables.online\/index.php\/2023\/08\/08\/ousmane-sonko-opposant-senegalais-hospitalise-durgence-suite-a-sa-greve-de-la-faim\/#breadcrumb"},"inLanguage":"fr-FR","potentialAction":[{"@type":"ReadAction","target":["https:\/\/lesindomptables.online\/index.php\/2023\/08\/08\/ousmane-sonko-opposant-senegalais-hospitalise-durgence-suite-a-sa-greve-de-la-faim\/"]}]},{"@type":"ImageObject","inLanguage":"fr-FR","@id":"https:\/\/lesindomptables.online\/index.php\/2023\/08\/08\/ousmane-sonko-opposant-senegalais-hospitalise-durgence-suite-a-sa-greve-de-la-faim\/#primaryimage","url":"https:\/\/lesindomptables.online\/wp-content\/uploads\/2023\/08\/jad20230630-tribune-senegal-sonko-01-1256x628-1691396225-1024x512.jpg","contentUrl":"https:\/\/lesindomptables.online\/wp-content\/uploads\/2023\/08\/jad20230630-tribune-senegal-sonko-01-1256x628-1691396225-1024x512.jpg"},{"@type":"BreadcrumbList","@id":"https:\/\/lesindomptables.online\/index.php\/2023\/08\/08\/ousmane-sonko-opposant-senegalais-hospitalise-durgence-suite-a-sa-greve-de-la-faim\/#breadcrumb","itemListElement":[{"@type":"ListItem","position":1,"name":"Accueil","item":"https:\/\/lesindomptables.online\/"},{"@type":"ListItem","position":2,"name":"\u00ab\u00a0Ousmane Sonko, opposant s\u00e9n\u00e9galais, hospitalis\u00e9 d&rsquo;urgence suite \u00e0 sa gr\u00e8ve de la faim\u00a0\u00bb"}]},{"@type":"WebSite","@id":"https:\/\/lesindomptables.online\/#website","url":"https:\/\/lesindomptables.online\/","name":"Les indomptables","description":"Le Site des indomptables","publisher":{"@id":"https:\/\/lesindomptables.online\/#organization"},"potentialAction":[{"@type":"SearchAction","target":{"@type":"EntryPoint","urlTemplate":"https:\/\/lesindomptables.online\/?s={search_term_string}"},"query-input":{"@type":"PropertyValueSpecification","valueRequired":true,"valueName":"search_term_string"}}],"inLanguage":"fr-FR"},{"@type":"Organization","@id":"https:\/\/lesindomptables.online\/#organization","name":"Les indomptables","url":"https:\/\/lesindomptables.online\/","logo":{"@type":"ImageObject","inLanguage":"fr-FR","@id":"https:\/\/lesindomptables.online\/#\/schema\/logo\/image\/","url":"https:\/\/lesindomptables.online\/wp-content\/uploads\/2023\/01\/cropped-logo_site-2.png","contentUrl":"https:\/\/lesindomptables.online\/wp-content\/uploads\/2023\/01\/cropped-logo_site-2.png","width":249,"height":107,"caption":"Les indomptables"},"image":{"@id":"https:\/\/lesindomptables.online\/#\/schema\/logo\/image\/"}},{"@type":"Person","@id":"https:\/\/lesindomptables.online\/#\/schema\/person\/ec20b38c42683a39d8aa2db5ca6f1614","name":"Guy Alain Maben Nsang","image":{"@type":"ImageObject","inLanguage":"fr-FR","@id":"https:\/\/lesindomptables.online\/#\/schema\/person\/image\/","url":"https:\/\/secure.gravatar.com\/avatar\/65a8ecf8d052c3e1474828f887eb64bef66d8645b25ea4be6a95a67d56612ca1?s=96&d=mm&r=g","contentUrl":"https:\/\/secure.gravatar.com\/avatar\/65a8ecf8d052c3e1474828f887eb64bef66d8645b25ea4be6a95a67d56612ca1?s=96&d=mm&r=g","caption":"Guy Alain Maben Nsang"},"sameAs":["http:\/\/lesindomptables.online"],"url":"https:\/\/lesindomptables.online\/index.php\/author\/maben\/"}]}},"featured_image_urls":{"full":"","thumbnail":"","medium":"","medium_large":"","large":"","1536x1536":"","2048x2048":"","morenews-featured":"","morenews-large":"","morenews-medium":"","woocommerce_thumbnail":"","woocommerce_single":"","woocommerce_gallery_thumbnail":""},"author_info":{"display_name":"Guy Alain Maben Nsang","author_link":"https:\/\/lesindomptables.online\/index.php\/author\/maben\/"},"category_info":"<a href=\"https:\/\/lesindomptables.online\/index.php\/category\/afrique\/\" rel=\"category tag\">Afrique<\/a> <a href=\"https:\/\/lesindomptables.online\/index.php\/category\/afrique\/politique-afrique\/\" rel=\"category tag\">Politique<\/a>","tag_info":"Politique","comment_count":"0","_links":{"self":[{"href":"https:\/\/lesindomptables.online\/index.php\/wp-json\/wp\/v2\/posts\/1547","targetHints":{"allow":["GET"]}}],"collection":[{"href":"https:\/\/lesindomptables.online\/index.php\/wp-json\/wp\/v2\/posts"}],"about":[{"href":"https:\/\/lesindomptables.online\/index.php\/wp-json\/wp\/v2\/types\/post"}],"author":[{"embeddable":true,"href":"https:\/\/lesindomptables.online\/index.php\/wp-json\/wp\/v2\/users\/9"}],"replies":[{"embeddable":true,"href":"https:\/\/lesindomptables.online\/index.php\/wp-json\/wp\/v2\/comments?post=1547"}],"version-history":[{"count":1,"href":"https:\/\/lesindomptables.online\/index.php\/wp-json\/wp\/v2\/posts\/1547\/revisions"}],"predecessor-version":[{"id":1549,"href":"https:\/\/lesindomptables.online\/index.php\/wp-json\/wp\/v2\/posts\/1547\/revisions\/1549"}],"wp:attachment":[{"href":"https:\/\/lesindomptables.online\/index.php\/wp-json\/wp\/v2\/media?parent=1547"}],"wp:term":[{"taxonomy":"category","embeddable":true,"href":"https:\/\/lesindomptables.online\/index.php\/wp-json\/wp\/v2\/categories?post=1547"},{"taxonomy":"post_tag","embeddable":true,"href":"https:\/\/lesindomptables.online\/index.php\/wp-json\/wp\/v2\/tags?post=1547"}],"curies":[{"name":"wp","href":"https:\/\/api.w.org\/{rel}","templated":true}]}}