{"id":1559,"date":"2023-08-08T02:03:07","date_gmt":"2023-08-08T02:03:07","guid":{"rendered":"https:\/\/lesindomptables.online\/?p=1559"},"modified":"2023-08-08T02:07:46","modified_gmt":"2023-08-08T02:07:46","slug":"mark-zuckerberg-de-meta-pret-a-se-battre-contre-elon-musk-et-le-proprietaire-du-reseau-social-x","status":"publish","type":"post","link":"https:\/\/lesindomptables.online\/index.php\/2023\/08\/08\/mark-zuckerberg-de-meta-pret-a-se-battre-contre-elon-musk-et-le-proprietaire-du-reseau-social-x\/","title":{"rendered":"Mark Zuckerberg de Meta* pr\u00eat \u00e0 se battre contre Elon Musk et le propri\u00e9taire du r\u00e9seau social X."},"content":{"rendered":"\n<p>&nbsp;<\/p>\n\n\n\n<figure class=\"wp-block-image size-large\"><img fetchpriority=\"high\" decoding=\"async\" width=\"1024\" height=\"536\" src=\"https:\/\/lesindomptables.online\/wp-content\/uploads\/2023\/08\/photo1691398861-1024x536.jpeg\" alt=\"\" class=\"wp-image-1560\" srcset=\"https:\/\/lesindomptables.online\/wp-content\/uploads\/2023\/08\/photo1691398861-1024x536.jpeg 1024w, https:\/\/lesindomptables.online\/wp-content\/uploads\/2023\/08\/photo1691398861-300x157.jpeg 300w, https:\/\/lesindomptables.online\/wp-content\/uploads\/2023\/08\/photo1691398861-768x402.jpeg 768w, https:\/\/lesindomptables.online\/wp-content\/uploads\/2023\/08\/photo1691398861-600x314.jpeg 600w, https:\/\/lesindomptables.online\/wp-content\/uploads\/2023\/08\/photo1691398861.jpeg 1200w\" sizes=\"(max-width: 1024px) 100vw, 1024px\" \/><figcaption class=\"wp-element-caption\">Mark Zuckerberg fondateur de Meta.<\/figcaption><\/figure>\n\n\n\n<p>Dans une d\u00e9claration sur le r\u00e9seau social Threads de Meta*, Mark Zuckerberg a annonc\u00e9 dimanche qu&rsquo;il \u00e9tait pr\u00eat \u00e0 se battre contre Elon Musk, l&rsquo;entrepreneur am\u00e9ricain et propri\u00e9taire du r\u00e9seau social X (anciennement connu sous le nom de Twitter).<\/p>\n\n\n\n<p>\u00ab\u00a0Je suis pr\u00eat d\u00e8s aujourd&rsquo;hui. J&rsquo;ai propos\u00e9 le 26 ao\u00fbt quand il m&rsquo;a d\u00e9fi\u00e9, mais il ne m&rsquo;a pas r\u00e9pondu\u00a0\u00bb, a \u00e9crit Zuckerberg, faisant r\u00e9f\u00e9rence au message de Musk sur le r\u00e9seau social X o\u00f9 il d\u00e9clarait qu&rsquo;il se pr\u00e9parait activement \u00e0 un duel.<\/p>\n\n\n\n<p>Cette d\u00e9claration a suscit\u00e9 l&rsquo;attention des utilisateurs des r\u00e9seaux sociaux, qui ont rapidement partag\u00e9 leurs opinions sur cette confrontation potentielle entre les deux g\u00e9ants de la technologie. Les sp\u00e9culations vont bon train quant aux raisons de ce d\u00e9fi et aux enjeux qui pourraient en d\u00e9couler.<\/p>\n\n\n\n<p>Il est int\u00e9ressant de noter que Zuckerberg a choisi de r\u00e9pondre publiquement \u00e0 Musk via le r\u00e9seau social Threads, qui appartient \u00e0 Meta*. Cela t\u00e9moigne de l&rsquo;importance qu&rsquo;il accorde \u00e0 cette confrontation et de sa volont\u00e9 de montrer sa d\u00e9termination.<\/p>\n\n\n\n<p>La rivalit\u00e9 entre Zuckerberg et Musk n&rsquo;est pas nouvelle. Les deux hommes sont des figures embl\u00e9matiques de l&rsquo;industrie technologique et ont des visions diff\u00e9rentes sur l&rsquo;avenir de l&rsquo;intelligence artificielle et de la connectivit\u00e9 mondiale. Leur rivalit\u00e9 s&rsquo;est d\u00e9j\u00e0 manifest\u00e9e \u00e0 travers des d\u00e9clarations publiques et des \u00e9changes sur les r\u00e9seaux sociaux.<\/p>\n\n\n\n<p>Il reste \u00e0 voir si ce duel annonc\u00e9 aura r\u00e9ellement lieu et quelles en seront les modalit\u00e9s. Les d\u00e9tails concernant les r\u00e8gles du combat et le lieu de l&rsquo;affrontement ne sont pas encore connus. Il est \u00e9galement possible que cette d\u00e9claration soit une provocation destin\u00e9e \u00e0 attirer l&rsquo;attention des m\u00e9dias et du public.<\/p>\n\n\n\n<p>Quoi qu&rsquo;il en soit, cette confrontation potentielle entre Zuckerberg, Musk et le propri\u00e9taire du r\u00e9seau social X promet d&rsquo;\u00eatre un \u00e9v\u00e9nement m\u00e9diatique majeur. Les fans et les d\u00e9tracteurs des deux hommes attendent avec impatience de voir comment cette rivalit\u00e9 se d\u00e9roulera et quelles en seront les cons\u00e9quences pour l&rsquo;industrie technologique.<\/p>\n\n\n\n<figure class=\"wp-block-image size-large\"><img decoding=\"async\" width=\"1024\" height=\"536\" src=\"https:\/\/lesindomptables.online\/wp-content\/uploads\/2023\/08\/photo1691398861-1-1024x536.jpeg\" alt=\"\" class=\"wp-image-1561\" srcset=\"https:\/\/lesindomptables.online\/wp-content\/uploads\/2023\/08\/photo1691398861-1-1024x536.jpeg 1024w, https:\/\/lesindomptables.online\/wp-content\/uploads\/2023\/08\/photo1691398861-1-300x157.jpeg 300w, https:\/\/lesindomptables.online\/wp-content\/uploads\/2023\/08\/photo1691398861-1-768x402.jpeg 768w, https:\/\/lesindomptables.online\/wp-content\/uploads\/2023\/08\/photo1691398861-1-600x314.jpeg 600w, https:\/\/lesindomptables.online\/wp-content\/uploads\/2023\/08\/photo1691398861-1.jpeg 1200w\" sizes=\"(max-width: 1024px) 100vw, 1024px\" \/><figcaption class=\"wp-element-caption\">Elon Musk  propri\u00e9taire du r\u00e9seau social X<\/figcaption><\/figure>\n\n\n\n<p>Il est important de souligner que cette d\u00e9claration ne devrait pas \u00eatre prise au s\u00e9rieux dans le sens d&rsquo;une v\u00e9ritable confrontation physique. Il est plus probable qu&rsquo;il s&rsquo;agisse d&rsquo;une m\u00e9taphore utilis\u00e9e pour exprimer une rivalit\u00e9 et des diff\u00e9rends d&rsquo;opinions.<\/p>\n\n\n\n<p>En attendant de savoir si ce duel aura r\u00e9ellement lieu, les observateurs de l&rsquo;industrie technologique continueront de suivre de pr\u00e8s les d\u00e9veloppements entre Mark Zuckerberg, Elon Musk et le propri\u00e9taire du r\u00e9seau social X. Cette rivalit\u00e9 entre les titans de la technologie promet d&rsquo;\u00eatre un sujet de discussion passionnant dans les jours \u00e0 venir<\/p>\n","protected":false},"excerpt":{"rendered":"<p>&nbsp; Dans une d\u00e9claration sur le r\u00e9seau social Threads de Meta*, Mark Zuckerberg a annonc\u00e9 dimanche qu&rsquo;il \u00e9tait<\/p>\n","protected":false},"author":3,"featured_media":0,"comment_status":"open","ping_status":"open","sticky":false,"template":"","format":"standard","meta":{"om_disable_all_campaigns":false,"_monsterinsights_skip_tracking":false,"_monsterinsights_sitenote_active":false,"_monsterinsights_sitenote_note":"","_monsterinsights_sitenote_category":0,"_uf_show_specific_survey":0,"_uf_disable_surveys":false,"footnotes":""},"categories":[305,14],"tags":[],"class_list":["post-1559","post","type-post","status-publish","format-standard","hentry","category-high-tech","category-science-technologie"],"yoast_head":"<!-- This site is optimized with the Yoast SEO plugin v26.5 - https:\/\/yoast.com\/wordpress\/plugins\/seo\/ -->\n<title>Mark Zuckerberg de Meta* pr\u00eat \u00e0 se battre contre Elon Musk et le propri\u00e9taire du r\u00e9seau social X. - Les indomptables<\/title>\n<meta name=\"robots\" content=\"index, follow, max-snippet:-1, max-image-preview:large, max-video-preview:-1\" \/>\n<link rel=\"canonical\" href=\"https:\/\/lesindomptables.online\/index.php\/2023\/08\/08\/mark-zuckerberg-de-meta-pret-a-se-battre-contre-elon-musk-et-le-proprietaire-du-reseau-social-x\/\" \/>\n<meta property=\"og:locale\" content=\"fr_FR\" \/>\n<meta property=\"og:type\" content=\"article\" \/>\n<meta property=\"og:title\" content=\"Mark Zuckerberg de Meta* pr\u00eat \u00e0 se battre contre Elon Musk et le propri\u00e9taire du r\u00e9seau social X. - Les indomptables\" \/>\n<meta property=\"og:description\" content=\"&nbsp; Dans une d\u00e9claration sur le r\u00e9seau social Threads de Meta*, Mark Zuckerberg a annonc\u00e9 dimanche qu&rsquo;il \u00e9tait\" \/>\n<meta property=\"og:url\" content=\"https:\/\/lesindomptables.online\/index.php\/2023\/08\/08\/mark-zuckerberg-de-meta-pret-a-se-battre-contre-elon-musk-et-le-proprietaire-du-reseau-social-x\/\" \/>\n<meta property=\"og:site_name\" content=\"Les indomptables\" \/>\n<meta property=\"article:published_time\" content=\"2023-08-08T02:03:07+00:00\" \/>\n<meta property=\"article:modified_time\" content=\"2023-08-08T02:07:46+00:00\" \/>\n<meta property=\"og:image\" content=\"https:\/\/lesindomptables.online\/wp-content\/uploads\/2023\/08\/photo1691398861-1024x536.jpeg\" \/>\n<meta name=\"author\" content=\"Mark Eric BEKONO\" \/>\n<meta name=\"twitter:card\" content=\"summary_large_image\" \/>\n<meta name=\"twitter:label1\" content=\"\u00c9crit par\" \/>\n\t<meta name=\"twitter:data1\" content=\"Mark Eric BEKONO\" \/>\n\t<meta name=\"twitter:label2\" content=\"Dur\u00e9e de lecture estim\u00e9e\" \/>\n\t<meta name=\"twitter:data2\" content=\"3 minutes\" \/>\n<script type=\"application\/ld+json\" class=\"yoast-schema-graph\">{\"@context\":\"https:\/\/schema.org\",\"@graph\":[{\"@type\":\"Article\",\"@id\":\"https:\/\/lesindomptables.online\/index.php\/2023\/08\/08\/mark-zuckerberg-de-meta-pret-a-se-battre-contre-elon-musk-et-le-proprietaire-du-reseau-social-x\/#article\",\"isPartOf\":{\"@id\":\"https:\/\/lesindomptables.online\/index.php\/2023\/08\/08\/mark-zuckerberg-de-meta-pret-a-se-battre-contre-elon-musk-et-le-proprietaire-du-reseau-social-x\/\"},\"author\":{\"name\":\"Mark Eric BEKONO\",\"@id\":\"https:\/\/lesindomptables.online\/#\/schema\/person\/bf78be958f9ec2a91ba161f7d24e5411\"},\"headline\":\"Mark Zuckerberg de Meta* pr\u00eat \u00e0 se battre contre Elon Musk et le propri\u00e9taire du r\u00e9seau social X.\",\"datePublished\":\"2023-08-08T02:03:07+00:00\",\"dateModified\":\"2023-08-08T02:07:46+00:00\",\"mainEntityOfPage\":{\"@id\":\"https:\/\/lesindomptables.online\/index.php\/2023\/08\/08\/mark-zuckerberg-de-meta-pret-a-se-battre-contre-elon-musk-et-le-proprietaire-du-reseau-social-x\/\"},\"wordCount\":525,\"commentCount\":0,\"publisher\":{\"@id\":\"https:\/\/lesindomptables.online\/#organization\"},\"image\":{\"@id\":\"https:\/\/lesindomptables.online\/index.php\/2023\/08\/08\/mark-zuckerberg-de-meta-pret-a-se-battre-contre-elon-musk-et-le-proprietaire-du-reseau-social-x\/#primaryimage\"},\"thumbnailUrl\":\"https:\/\/lesindomptables.online\/wp-content\/uploads\/2023\/08\/photo1691398861-1024x536.jpeg\",\"articleSection\":[\"High Tech\",\"Science &amp; technologie\"],\"inLanguage\":\"fr-FR\",\"potentialAction\":[{\"@type\":\"CommentAction\",\"name\":\"Comment\",\"target\":[\"https:\/\/lesindomptables.online\/index.php\/2023\/08\/08\/mark-zuckerberg-de-meta-pret-a-se-battre-contre-elon-musk-et-le-proprietaire-du-reseau-social-x\/#respond\"]}]},{\"@type\":\"WebPage\",\"@id\":\"https:\/\/lesindomptables.online\/index.php\/2023\/08\/08\/mark-zuckerberg-de-meta-pret-a-se-battre-contre-elon-musk-et-le-proprietaire-du-reseau-social-x\/\",\"url\":\"https:\/\/lesindomptables.online\/index.php\/2023\/08\/08\/mark-zuckerberg-de-meta-pret-a-se-battre-contre-elon-musk-et-le-proprietaire-du-reseau-social-x\/\",\"name\":\"Mark Zuckerberg de Meta* pr\u00eat \u00e0 se battre contre Elon Musk et le propri\u00e9taire du r\u00e9seau social X. - Les indomptables\",\"isPartOf\":{\"@id\":\"https:\/\/lesindomptables.online\/#website\"},\"primaryImageOfPage\":{\"@id\":\"https:\/\/lesindomptables.online\/index.php\/2023\/08\/08\/mark-zuckerberg-de-meta-pret-a-se-battre-contre-elon-musk-et-le-proprietaire-du-reseau-social-x\/#primaryimage\"},\"image\":{\"@id\":\"https:\/\/lesindomptables.online\/index.php\/2023\/08\/08\/mark-zuckerberg-de-meta-pret-a-se-battre-contre-elon-musk-et-le-proprietaire-du-reseau-social-x\/#primaryimage\"},\"thumbnailUrl\":\"https:\/\/lesindomptables.online\/wp-content\/uploads\/2023\/08\/photo1691398861-1024x536.jpeg\",\"datePublished\":\"2023-08-08T02:03:07+00:00\",\"dateModified\":\"2023-08-08T02:07:46+00:00\",\"breadcrumb\":{\"@id\":\"https:\/\/lesindomptables.online\/index.php\/2023\/08\/08\/mark-zuckerberg-de-meta-pret-a-se-battre-contre-elon-musk-et-le-proprietaire-du-reseau-social-x\/#breadcrumb\"},\"inLanguage\":\"fr-FR\",\"potentialAction\":[{\"@type\":\"ReadAction\",\"target\":[\"https:\/\/lesindomptables.online\/index.php\/2023\/08\/08\/mark-zuckerberg-de-meta-pret-a-se-battre-contre-elon-musk-et-le-proprietaire-du-reseau-social-x\/\"]}]},{\"@type\":\"ImageObject\",\"inLanguage\":\"fr-FR\",\"@id\":\"https:\/\/lesindomptables.online\/index.php\/2023\/08\/08\/mark-zuckerberg-de-meta-pret-a-se-battre-contre-elon-musk-et-le-proprietaire-du-reseau-social-x\/#primaryimage\",\"url\":\"https:\/\/lesindomptables.online\/wp-content\/uploads\/2023\/08\/photo1691398861-1024x536.jpeg\",\"contentUrl\":\"https:\/\/lesindomptables.online\/wp-content\/uploads\/2023\/08\/photo1691398861-1024x536.jpeg\"},{\"@type\":\"BreadcrumbList\",\"@id\":\"https:\/\/lesindomptables.online\/index.php\/2023\/08\/08\/mark-zuckerberg-de-meta-pret-a-se-battre-contre-elon-musk-et-le-proprietaire-du-reseau-social-x\/#breadcrumb\",\"itemListElement\":[{\"@type\":\"ListItem\",\"position\":1,\"name\":\"Accueil\",\"item\":\"https:\/\/lesindomptables.online\/\"},{\"@type\":\"ListItem\",\"position\":2,\"name\":\"Mark Zuckerberg de Meta* pr\u00eat \u00e0 se battre contre Elon Musk et le propri\u00e9taire du r\u00e9seau social X.\"}]},{\"@type\":\"WebSite\",\"@id\":\"https:\/\/lesindomptables.online\/#website\",\"url\":\"https:\/\/lesindomptables.online\/\",\"name\":\"Les indomptables\",\"description\":\"Le Site des indomptables\",\"publisher\":{\"@id\":\"https:\/\/lesindomptables.online\/#organization\"},\"potentialAction\":[{\"@type\":\"SearchAction\",\"target\":{\"@type\":\"EntryPoint\",\"urlTemplate\":\"https:\/\/lesindomptables.online\/?s={search_term_string}\"},\"query-input\":{\"@type\":\"PropertyValueSpecification\",\"valueRequired\":true,\"valueName\":\"search_term_string\"}}],\"inLanguage\":\"fr-FR\"},{\"@type\":\"Organization\",\"@id\":\"https:\/\/lesindomptables.online\/#organization\",\"name\":\"Les indomptables\",\"url\":\"https:\/\/lesindomptables.online\/\",\"logo\":{\"@type\":\"ImageObject\",\"inLanguage\":\"fr-FR\",\"@id\":\"https:\/\/lesindomptables.online\/#\/schema\/logo\/image\/\",\"url\":\"https:\/\/lesindomptables.online\/wp-content\/uploads\/2023\/01\/cropped-logo_site-2.png\",\"contentUrl\":\"https:\/\/lesindomptables.online\/wp-content\/uploads\/2023\/01\/cropped-logo_site-2.png\",\"width\":249,\"height\":107,\"caption\":\"Les indomptables\"},\"image\":{\"@id\":\"https:\/\/lesindomptables.online\/#\/schema\/logo\/image\/\"}},{\"@type\":\"Person\",\"@id\":\"https:\/\/lesindomptables.online\/#\/schema\/person\/bf78be958f9ec2a91ba161f7d24e5411\",\"name\":\"Mark Eric BEKONO\",\"image\":{\"@type\":\"ImageObject\",\"inLanguage\":\"fr-FR\",\"@id\":\"https:\/\/lesindomptables.online\/#\/schema\/person\/image\/\",\"url\":\"https:\/\/secure.gravatar.com\/avatar\/eefacb2602164f2d6b17c1b578793563c31cc80e7fea7f852052511705c1fbc5?s=96&d=mm&r=g\",\"contentUrl\":\"https:\/\/secure.gravatar.com\/avatar\/eefacb2602164f2d6b17c1b578793563c31cc80e7fea7f852052511705c1fbc5?s=96&d=mm&r=g\",\"caption\":\"Mark Eric BEKONO\"},\"sameAs\":[\"https:\/\/lesindomptables.online\"],\"url\":\"https:\/\/lesindomptables.online\/index.php\/author\/mark\/\"}]}<\/script>\n<!-- \/ Yoast SEO plugin. -->","yoast_head_json":{"title":"Mark Zuckerberg de Meta* pr\u00eat \u00e0 se battre contre Elon Musk et le propri\u00e9taire du r\u00e9seau social X. - Les indomptables","robots":{"index":"index","follow":"follow","max-snippet":"max-snippet:-1","max-image-preview":"max-image-preview:large","max-video-preview":"max-video-preview:-1"},"canonical":"https:\/\/lesindomptables.online\/index.php\/2023\/08\/08\/mark-zuckerberg-de-meta-pret-a-se-battre-contre-elon-musk-et-le-proprietaire-du-reseau-social-x\/","og_locale":"fr_FR","og_type":"article","og_title":"Mark Zuckerberg de Meta* pr\u00eat \u00e0 se battre contre Elon Musk et le propri\u00e9taire du r\u00e9seau social X. - Les indomptables","og_description":"&nbsp; Dans une d\u00e9claration sur le r\u00e9seau social Threads de Meta*, Mark Zuckerberg a annonc\u00e9 dimanche qu&rsquo;il \u00e9tait","og_url":"https:\/\/lesindomptables.online\/index.php\/2023\/08\/08\/mark-zuckerberg-de-meta-pret-a-se-battre-contre-elon-musk-et-le-proprietaire-du-reseau-social-x\/","og_site_name":"Les indomptables","article_published_time":"2023-08-08T02:03:07+00:00","article_modified_time":"2023-08-08T02:07:46+00:00","og_image":[{"url":"https:\/\/lesindomptables.online\/wp-content\/uploads\/2023\/08\/photo1691398861-1024x536.jpeg","type":"","width":"","height":""}],"author":"Mark Eric BEKONO","twitter_card":"summary_large_image","twitter_misc":{"\u00c9crit par":"Mark Eric BEKONO","Dur\u00e9e de lecture estim\u00e9e":"3 minutes"},"schema":{"@context":"https:\/\/schema.org","@graph":[{"@type":"Article","@id":"https:\/\/lesindomptables.online\/index.php\/2023\/08\/08\/mark-zuckerberg-de-meta-pret-a-se-battre-contre-elon-musk-et-le-proprietaire-du-reseau-social-x\/#article","isPartOf":{"@id":"https:\/\/lesindomptables.online\/index.php\/2023\/08\/08\/mark-zuckerberg-de-meta-pret-a-se-battre-contre-elon-musk-et-le-proprietaire-du-reseau-social-x\/"},"author":{"name":"Mark Eric BEKONO","@id":"https:\/\/lesindomptables.online\/#\/schema\/person\/bf78be958f9ec2a91ba161f7d24e5411"},"headline":"Mark Zuckerberg de Meta* pr\u00eat \u00e0 se battre contre Elon Musk et le propri\u00e9taire du r\u00e9seau social X.","datePublished":"2023-08-08T02:03:07+00:00","dateModified":"2023-08-08T02:07:46+00:00","mainEntityOfPage":{"@id":"https:\/\/lesindomptables.online\/index.php\/2023\/08\/08\/mark-zuckerberg-de-meta-pret-a-se-battre-contre-elon-musk-et-le-proprietaire-du-reseau-social-x\/"},"wordCount":525,"commentCount":0,"publisher":{"@id":"https:\/\/lesindomptables.online\/#organization"},"image":{"@id":"https:\/\/lesindomptables.online\/index.php\/2023\/08\/08\/mark-zuckerberg-de-meta-pret-a-se-battre-contre-elon-musk-et-le-proprietaire-du-reseau-social-x\/#primaryimage"},"thumbnailUrl":"https:\/\/lesindomptables.online\/wp-content\/uploads\/2023\/08\/photo1691398861-1024x536.jpeg","articleSection":["High Tech","Science &amp; technologie"],"inLanguage":"fr-FR","potentialAction":[{"@type":"CommentAction","name":"Comment","target":["https:\/\/lesindomptables.online\/index.php\/2023\/08\/08\/mark-zuckerberg-de-meta-pret-a-se-battre-contre-elon-musk-et-le-proprietaire-du-reseau-social-x\/#respond"]}]},{"@type":"WebPage","@id":"https:\/\/lesindomptables.online\/index.php\/2023\/08\/08\/mark-zuckerberg-de-meta-pret-a-se-battre-contre-elon-musk-et-le-proprietaire-du-reseau-social-x\/","url":"https:\/\/lesindomptables.online\/index.php\/2023\/08\/08\/mark-zuckerberg-de-meta-pret-a-se-battre-contre-elon-musk-et-le-proprietaire-du-reseau-social-x\/","name":"Mark Zuckerberg de Meta* pr\u00eat \u00e0 se battre contre Elon Musk et le propri\u00e9taire du r\u00e9seau social X. - Les indomptables","isPartOf":{"@id":"https:\/\/lesindomptables.online\/#website"},"primaryImageOfPage":{"@id":"https:\/\/lesindomptables.online\/index.php\/2023\/08\/08\/mark-zuckerberg-de-meta-pret-a-se-battre-contre-elon-musk-et-le-proprietaire-du-reseau-social-x\/#primaryimage"},"image":{"@id":"https:\/\/lesindomptables.online\/index.php\/2023\/08\/08\/mark-zuckerberg-de-meta-pret-a-se-battre-contre-elon-musk-et-le-proprietaire-du-reseau-social-x\/#primaryimage"},"thumbnailUrl":"https:\/\/lesindomptables.online\/wp-content\/uploads\/2023\/08\/photo1691398861-1024x536.jpeg","datePublished":"2023-08-08T02:03:07+00:00","dateModified":"2023-08-08T02:07:46+00:00","breadcrumb":{"@id":"https:\/\/lesindomptables.online\/index.php\/2023\/08\/08\/mark-zuckerberg-de-meta-pret-a-se-battre-contre-elon-musk-et-le-proprietaire-du-reseau-social-x\/#breadcrumb"},"inLanguage":"fr-FR","potentialAction":[{"@type":"ReadAction","target":["https:\/\/lesindomptables.online\/index.php\/2023\/08\/08\/mark-zuckerberg-de-meta-pret-a-se-battre-contre-elon-musk-et-le-proprietaire-du-reseau-social-x\/"]}]},{"@type":"ImageObject","inLanguage":"fr-FR","@id":"https:\/\/lesindomptables.online\/index.php\/2023\/08\/08\/mark-zuckerberg-de-meta-pret-a-se-battre-contre-elon-musk-et-le-proprietaire-du-reseau-social-x\/#primaryimage","url":"https:\/\/lesindomptables.online\/wp-content\/uploads\/2023\/08\/photo1691398861-1024x536.jpeg","contentUrl":"https:\/\/lesindomptables.online\/wp-content\/uploads\/2023\/08\/photo1691398861-1024x536.jpeg"},{"@type":"BreadcrumbList","@id":"https:\/\/lesindomptables.online\/index.php\/2023\/08\/08\/mark-zuckerberg-de-meta-pret-a-se-battre-contre-elon-musk-et-le-proprietaire-du-reseau-social-x\/#breadcrumb","itemListElement":[{"@type":"ListItem","position":1,"name":"Accueil","item":"https:\/\/lesindomptables.online\/"},{"@type":"ListItem","position":2,"name":"Mark Zuckerberg de Meta* pr\u00eat \u00e0 se battre contre Elon Musk et le propri\u00e9taire du r\u00e9seau social X."}]},{"@type":"WebSite","@id":"https:\/\/lesindomptables.online\/#website","url":"https:\/\/lesindomptables.online\/","name":"Les indomptables","description":"Le Site des indomptables","publisher":{"@id":"https:\/\/lesindomptables.online\/#organization"},"potentialAction":[{"@type":"SearchAction","target":{"@type":"EntryPoint","urlTemplate":"https:\/\/lesindomptables.online\/?s={search_term_string}"},"query-input":{"@type":"PropertyValueSpecification","valueRequired":true,"valueName":"search_term_string"}}],"inLanguage":"fr-FR"},{"@type":"Organization","@id":"https:\/\/lesindomptables.online\/#organization","name":"Les indomptables","url":"https:\/\/lesindomptables.online\/","logo":{"@type":"ImageObject","inLanguage":"fr-FR","@id":"https:\/\/lesindomptables.online\/#\/schema\/logo\/image\/","url":"https:\/\/lesindomptables.online\/wp-content\/uploads\/2023\/01\/cropped-logo_site-2.png","contentUrl":"https:\/\/lesindomptables.online\/wp-content\/uploads\/2023\/01\/cropped-logo_site-2.png","width":249,"height":107,"caption":"Les indomptables"},"image":{"@id":"https:\/\/lesindomptables.online\/#\/schema\/logo\/image\/"}},{"@type":"Person","@id":"https:\/\/lesindomptables.online\/#\/schema\/person\/bf78be958f9ec2a91ba161f7d24e5411","name":"Mark Eric BEKONO","image":{"@type":"ImageObject","inLanguage":"fr-FR","@id":"https:\/\/lesindomptables.online\/#\/schema\/person\/image\/","url":"https:\/\/secure.gravatar.com\/avatar\/eefacb2602164f2d6b17c1b578793563c31cc80e7fea7f852052511705c1fbc5?s=96&d=mm&r=g","contentUrl":"https:\/\/secure.gravatar.com\/avatar\/eefacb2602164f2d6b17c1b578793563c31cc80e7fea7f852052511705c1fbc5?s=96&d=mm&r=g","caption":"Mark Eric BEKONO"},"sameAs":["https:\/\/lesindomptables.online"],"url":"https:\/\/lesindomptables.online\/index.php\/author\/mark\/"}]}},"featured_image_urls":{"full":"","thumbnail":"","medium":"","medium_large":"","large":"","1536x1536":"","2048x2048":"","morenews-featured":"","morenews-large":"","morenews-medium":"","woocommerce_thumbnail":"","woocommerce_single":"","woocommerce_gallery_thumbnail":""},"author_info":{"display_name":"Mark Eric BEKONO","author_link":"https:\/\/lesindomptables.online\/index.php\/author\/mark\/"},"category_info":"<a href=\"https:\/\/lesindomptables.online\/index.php\/category\/afrique\/high-tech\/\" rel=\"category tag\">High Tech<\/a> <a href=\"https:\/\/lesindomptables.online\/index.php\/category\/science-technologie\/\" rel=\"category tag\">Science &amp; technologie<\/a>","tag_info":"Science &amp; technologie","comment_count":"0","_links":{"self":[{"href":"https:\/\/lesindomptables.online\/index.php\/wp-json\/wp\/v2\/posts\/1559","targetHints":{"allow":["GET"]}}],"collection":[{"href":"https:\/\/lesindomptables.online\/index.php\/wp-json\/wp\/v2\/posts"}],"about":[{"href":"https:\/\/lesindomptables.online\/index.php\/wp-json\/wp\/v2\/types\/post"}],"author":[{"embeddable":true,"href":"https:\/\/lesindomptables.online\/index.php\/wp-json\/wp\/v2\/users\/3"}],"replies":[{"embeddable":true,"href":"https:\/\/lesindomptables.online\/index.php\/wp-json\/wp\/v2\/comments?post=1559"}],"version-history":[{"count":2,"href":"https:\/\/lesindomptables.online\/index.php\/wp-json\/wp\/v2\/posts\/1559\/revisions"}],"predecessor-version":[{"id":1563,"href":"https:\/\/lesindomptables.online\/index.php\/wp-json\/wp\/v2\/posts\/1559\/revisions\/1563"}],"wp:attachment":[{"href":"https:\/\/lesindomptables.online\/index.php\/wp-json\/wp\/v2\/media?parent=1559"}],"wp:term":[{"taxonomy":"category","embeddable":true,"href":"https:\/\/lesindomptables.online\/index.php\/wp-json\/wp\/v2\/categories?post=1559"},{"taxonomy":"post_tag","embeddable":true,"href":"https:\/\/lesindomptables.online\/index.php\/wp-json\/wp\/v2\/tags?post=1559"}],"curies":[{"name":"wp","href":"https:\/\/api.w.org\/{rel}","templated":true}]}}