{"id":1564,"date":"2023-08-08T02:14:52","date_gmt":"2023-08-08T02:14:52","guid":{"rendered":"https:\/\/lesindomptables.online\/?p=1564"},"modified":"2023-08-08T02:14:53","modified_gmt":"2023-08-08T02:14:53","slug":"neymar-envisage-de-quitter-le-psg-cet-ete-selon-lequipe","status":"publish","type":"post","link":"https:\/\/lesindomptables.online\/index.php\/2023\/08\/08\/neymar-envisage-de-quitter-le-psg-cet-ete-selon-lequipe\/","title":{"rendered":"Neymar envisage de quitter le PSG cet \u00e9t\u00e9, selon L&rsquo;\u00c9quipe."},"content":{"rendered":"\n<figure class=\"wp-block-image size-full\"><img fetchpriority=\"high\" decoding=\"async\" width=\"800\" height=\"509\" src=\"https:\/\/lesindomptables.online\/wp-content\/uploads\/2023\/08\/photo1691440322.jpeg\" alt=\"\" class=\"wp-image-1565\" srcset=\"https:\/\/lesindomptables.online\/wp-content\/uploads\/2023\/08\/photo1691440322.jpeg 800w, https:\/\/lesindomptables.online\/wp-content\/uploads\/2023\/08\/photo1691440322-300x191.jpeg 300w, https:\/\/lesindomptables.online\/wp-content\/uploads\/2023\/08\/photo1691440322-768x489.jpeg 768w, https:\/\/lesindomptables.online\/wp-content\/uploads\/2023\/08\/photo1691440322-600x382.jpeg 600w\" sizes=\"(max-width: 800px) 100vw, 800px\" \/><\/figure>\n\n\n\n<p>L&rsquo;avenir de Neymar au Paris Saint-Germain (PSG) est incertain, alors que l&rsquo;attaquant br\u00e9silien a inform\u00e9 le club de sa volont\u00e9 de partir d\u00e8s cet \u00e9t\u00e9, rapporte le journal sportif L&rsquo;\u00c9quipe.<\/p>\n\n\n\n<p>Selon des sources proches du joueur, Neymar aurait exprim\u00e9 son d\u00e9sir de quitter le club parisien en raison de la pression qu&rsquo;il ressent suite aux manifestations des fans devant sa r\u00e9sidence au printemps dernier. Le joueur estime \u00e9galement que la direction du PSG ne lui offre pas une protection ad\u00e9quate face \u00e0 ces incidents.<\/p>\n\n\n\n<p>Le contrat de Neymar avec le PSG expire le 30 juin 2025, mais cette d\u00e9claration met en \u00e9vidence la possibilit\u00e9 d&rsquo;un d\u00e9part anticip\u00e9. Cette nouvelle intervient alors que Neymar a manqu\u00e9 la deuxi\u00e8me moiti\u00e9 de la saison 2022-2023 en raison d&rsquo;une blessure \u00e0 la cheville, limitant ainsi son temps de jeu avec l&rsquo;\u00e9quipe parisienne.<\/p>\n\n\n\n<p>Son dernier match officiel avec le PSG remonte \u00e0 f\u00e9vrier, laissant les fans et les observateurs se demander si son absence prolong\u00e9e et les r\u00e9centes tensions pourraient influencer sa d\u00e9cision de quitter le club.<\/p>\n\n\n\n<p>Le d\u00e9part de Neymar constituerait un coup dur pour le PSG qui a investi beaucoup d&rsquo;argent pour l&rsquo;acqu\u00e9rir en provenance du FC Barcelone en 2017. Depuis son arriv\u00e9e \u00e0 Paris, Neymar a apport\u00e9 sa technique raffin\u00e9e et sa force de frappe au club, contribuant \u00e0 remporter plusieurs titres de championnat et de coupes nationales.<\/p>\n\n\n\n<p>Cette d\u00e9cision de quitting aurait \u00e9galement un impact sur les ambitions du PSG pour la prochaine saison, alors que le club cherche \u00e0 maintenir son statut de puissance europ\u00e9enne et \u00e0 remporter enfin la Ligue des Champions.<\/p>\n\n\n\n<p>Il est encore trop t\u00f4t pour dire quelles sont les options possibles pour Neymar. Les sp\u00e9culations vont d\u00e9j\u00e0 bon train quant \u00e0 une \u00e9ventuelle retour au FC Barcelone ou un transfert vers un autre club d&rsquo;\u00e9lite europ\u00e9en.<\/p>\n\n\n\n<p>Une chose est certaine, la saga Neymar continuera d&rsquo;alimenter les discussions et les rumeurs dans les prochains mois. Les fans du PSG et du joueur br\u00e9silien attendent avec impatience de conna\u00eetre le d\u00e9nouement de cette situation, qui pourrait marquer un tournant dans la carri\u00e8re du talentueux attaquant<\/p>\n","protected":false},"excerpt":{"rendered":"<p>L&rsquo;avenir de Neymar au Paris Saint-Germain (PSG) est incertain, alors que l&rsquo;attaquant br\u00e9silien a inform\u00e9 le club de<\/p>\n","protected":false},"author":10,"featured_media":0,"comment_status":"open","ping_status":"open","sticky":false,"template":"","format":"standard","meta":{"om_disable_all_campaigns":false,"_monsterinsights_skip_tracking":false,"_monsterinsights_sitenote_active":false,"_monsterinsights_sitenote_note":"","_monsterinsights_sitenote_category":0,"_uf_show_specific_survey":0,"_uf_disable_surveys":false,"footnotes":""},"categories":[5,16],"tags":[539,186],"class_list":["post-1564","post","type-post","status-publish","format-standard","hentry","category-europe","category-sport","tag-neymar","tag-psg"],"yoast_head":"<!-- This site is optimized with the Yoast SEO plugin v26.5 - https:\/\/yoast.com\/wordpress\/plugins\/seo\/ -->\n<title>Neymar envisage de quitter le PSG cet \u00e9t\u00e9, selon L&#039;\u00c9quipe. - Les indomptables<\/title>\n<meta name=\"robots\" content=\"index, follow, max-snippet:-1, max-image-preview:large, max-video-preview:-1\" \/>\n<link rel=\"canonical\" href=\"https:\/\/lesindomptables.online\/index.php\/2023\/08\/08\/neymar-envisage-de-quitter-le-psg-cet-ete-selon-lequipe\/\" \/>\n<meta property=\"og:locale\" content=\"fr_FR\" \/>\n<meta property=\"og:type\" content=\"article\" \/>\n<meta property=\"og:title\" content=\"Neymar envisage de quitter le PSG cet \u00e9t\u00e9, selon L&#039;\u00c9quipe. - Les indomptables\" \/>\n<meta property=\"og:description\" content=\"L&rsquo;avenir de Neymar au Paris Saint-Germain (PSG) est incertain, alors que l&rsquo;attaquant br\u00e9silien a inform\u00e9 le club de\" \/>\n<meta property=\"og:url\" content=\"https:\/\/lesindomptables.online\/index.php\/2023\/08\/08\/neymar-envisage-de-quitter-le-psg-cet-ete-selon-lequipe\/\" \/>\n<meta property=\"og:site_name\" content=\"Les indomptables\" \/>\n<meta property=\"article:published_time\" content=\"2023-08-08T02:14:52+00:00\" \/>\n<meta property=\"article:modified_time\" content=\"2023-08-08T02:14:53+00:00\" \/>\n<meta property=\"og:image\" content=\"https:\/\/lesindomptables.online\/wp-content\/uploads\/2023\/08\/photo1691440322.jpeg\" \/>\n<meta name=\"author\" content=\"Thierry Nwatsok\" \/>\n<meta name=\"twitter:card\" content=\"summary_large_image\" \/>\n<meta name=\"twitter:label1\" content=\"\u00c9crit par\" \/>\n\t<meta name=\"twitter:data1\" content=\"Thierry Nwatsok\" \/>\n\t<meta name=\"twitter:label2\" content=\"Dur\u00e9e de lecture estim\u00e9e\" \/>\n\t<meta name=\"twitter:data2\" content=\"2 minutes\" \/>\n<script type=\"application\/ld+json\" class=\"yoast-schema-graph\">{\"@context\":\"https:\/\/schema.org\",\"@graph\":[{\"@type\":\"Article\",\"@id\":\"https:\/\/lesindomptables.online\/index.php\/2023\/08\/08\/neymar-envisage-de-quitter-le-psg-cet-ete-selon-lequipe\/#article\",\"isPartOf\":{\"@id\":\"https:\/\/lesindomptables.online\/index.php\/2023\/08\/08\/neymar-envisage-de-quitter-le-psg-cet-ete-selon-lequipe\/\"},\"author\":{\"name\":\"Thierry Nwatsok\",\"@id\":\"https:\/\/lesindomptables.online\/#\/schema\/person\/ac036c2d0ad32686331ce0f6cb2aaa39\"},\"headline\":\"Neymar envisage de quitter le PSG cet \u00e9t\u00e9, selon L&rsquo;\u00c9quipe.\",\"datePublished\":\"2023-08-08T02:14:52+00:00\",\"dateModified\":\"2023-08-08T02:14:53+00:00\",\"mainEntityOfPage\":{\"@id\":\"https:\/\/lesindomptables.online\/index.php\/2023\/08\/08\/neymar-envisage-de-quitter-le-psg-cet-ete-selon-lequipe\/\"},\"wordCount\":384,\"commentCount\":0,\"publisher\":{\"@id\":\"https:\/\/lesindomptables.online\/#organization\"},\"image\":{\"@id\":\"https:\/\/lesindomptables.online\/index.php\/2023\/08\/08\/neymar-envisage-de-quitter-le-psg-cet-ete-selon-lequipe\/#primaryimage\"},\"thumbnailUrl\":\"https:\/\/lesindomptables.online\/wp-content\/uploads\/2023\/08\/photo1691440322.jpeg\",\"keywords\":[\"neymar\",\"psg\"],\"articleSection\":[\"Europe\",\"Sport\"],\"inLanguage\":\"fr-FR\",\"potentialAction\":[{\"@type\":\"CommentAction\",\"name\":\"Comment\",\"target\":[\"https:\/\/lesindomptables.online\/index.php\/2023\/08\/08\/neymar-envisage-de-quitter-le-psg-cet-ete-selon-lequipe\/#respond\"]}]},{\"@type\":\"WebPage\",\"@id\":\"https:\/\/lesindomptables.online\/index.php\/2023\/08\/08\/neymar-envisage-de-quitter-le-psg-cet-ete-selon-lequipe\/\",\"url\":\"https:\/\/lesindomptables.online\/index.php\/2023\/08\/08\/neymar-envisage-de-quitter-le-psg-cet-ete-selon-lequipe\/\",\"name\":\"Neymar envisage de quitter le PSG cet \u00e9t\u00e9, selon L'\u00c9quipe. - Les indomptables\",\"isPartOf\":{\"@id\":\"https:\/\/lesindomptables.online\/#website\"},\"primaryImageOfPage\":{\"@id\":\"https:\/\/lesindomptables.online\/index.php\/2023\/08\/08\/neymar-envisage-de-quitter-le-psg-cet-ete-selon-lequipe\/#primaryimage\"},\"image\":{\"@id\":\"https:\/\/lesindomptables.online\/index.php\/2023\/08\/08\/neymar-envisage-de-quitter-le-psg-cet-ete-selon-lequipe\/#primaryimage\"},\"thumbnailUrl\":\"https:\/\/lesindomptables.online\/wp-content\/uploads\/2023\/08\/photo1691440322.jpeg\",\"datePublished\":\"2023-08-08T02:14:52+00:00\",\"dateModified\":\"2023-08-08T02:14:53+00:00\",\"breadcrumb\":{\"@id\":\"https:\/\/lesindomptables.online\/index.php\/2023\/08\/08\/neymar-envisage-de-quitter-le-psg-cet-ete-selon-lequipe\/#breadcrumb\"},\"inLanguage\":\"fr-FR\",\"potentialAction\":[{\"@type\":\"ReadAction\",\"target\":[\"https:\/\/lesindomptables.online\/index.php\/2023\/08\/08\/neymar-envisage-de-quitter-le-psg-cet-ete-selon-lequipe\/\"]}]},{\"@type\":\"ImageObject\",\"inLanguage\":\"fr-FR\",\"@id\":\"https:\/\/lesindomptables.online\/index.php\/2023\/08\/08\/neymar-envisage-de-quitter-le-psg-cet-ete-selon-lequipe\/#primaryimage\",\"url\":\"https:\/\/lesindomptables.online\/wp-content\/uploads\/2023\/08\/photo1691440322.jpeg\",\"contentUrl\":\"https:\/\/lesindomptables.online\/wp-content\/uploads\/2023\/08\/photo1691440322.jpeg\"},{\"@type\":\"BreadcrumbList\",\"@id\":\"https:\/\/lesindomptables.online\/index.php\/2023\/08\/08\/neymar-envisage-de-quitter-le-psg-cet-ete-selon-lequipe\/#breadcrumb\",\"itemListElement\":[{\"@type\":\"ListItem\",\"position\":1,\"name\":\"Accueil\",\"item\":\"https:\/\/lesindomptables.online\/\"},{\"@type\":\"ListItem\",\"position\":2,\"name\":\"Neymar envisage de quitter le PSG cet \u00e9t\u00e9, selon L&rsquo;\u00c9quipe.\"}]},{\"@type\":\"WebSite\",\"@id\":\"https:\/\/lesindomptables.online\/#website\",\"url\":\"https:\/\/lesindomptables.online\/\",\"name\":\"Les indomptables\",\"description\":\"Le Site des indomptables\",\"publisher\":{\"@id\":\"https:\/\/lesindomptables.online\/#organization\"},\"potentialAction\":[{\"@type\":\"SearchAction\",\"target\":{\"@type\":\"EntryPoint\",\"urlTemplate\":\"https:\/\/lesindomptables.online\/?s={search_term_string}\"},\"query-input\":{\"@type\":\"PropertyValueSpecification\",\"valueRequired\":true,\"valueName\":\"search_term_string\"}}],\"inLanguage\":\"fr-FR\"},{\"@type\":\"Organization\",\"@id\":\"https:\/\/lesindomptables.online\/#organization\",\"name\":\"Les indomptables\",\"url\":\"https:\/\/lesindomptables.online\/\",\"logo\":{\"@type\":\"ImageObject\",\"inLanguage\":\"fr-FR\",\"@id\":\"https:\/\/lesindomptables.online\/#\/schema\/logo\/image\/\",\"url\":\"https:\/\/lesindomptables.online\/wp-content\/uploads\/2023\/01\/cropped-logo_site-2.png\",\"contentUrl\":\"https:\/\/lesindomptables.online\/wp-content\/uploads\/2023\/01\/cropped-logo_site-2.png\",\"width\":249,\"height\":107,\"caption\":\"Les indomptables\"},\"image\":{\"@id\":\"https:\/\/lesindomptables.online\/#\/schema\/logo\/image\/\"}},{\"@type\":\"Person\",\"@id\":\"https:\/\/lesindomptables.online\/#\/schema\/person\/ac036c2d0ad32686331ce0f6cb2aaa39\",\"name\":\"Thierry Nwatsok\",\"image\":{\"@type\":\"ImageObject\",\"inLanguage\":\"fr-FR\",\"@id\":\"https:\/\/lesindomptables.online\/#\/schema\/person\/image\/\",\"url\":\"https:\/\/secure.gravatar.com\/avatar\/4a86d7542f0e4a5dbd025693531219b34f9a451297b6fefa6e6f00ff0e4f9d7b?s=96&d=mm&r=g\",\"contentUrl\":\"https:\/\/secure.gravatar.com\/avatar\/4a86d7542f0e4a5dbd025693531219b34f9a451297b6fefa6e6f00ff0e4f9d7b?s=96&d=mm&r=g\",\"caption\":\"Thierry Nwatsok\"},\"sameAs\":[\"http:\/\/lesindomptables.online\"],\"url\":\"https:\/\/lesindomptables.online\/index.php\/author\/thierry-nwatsok\/\"}]}<\/script>\n<!-- \/ Yoast SEO plugin. -->","yoast_head_json":{"title":"Neymar envisage de quitter le PSG cet \u00e9t\u00e9, selon L'\u00c9quipe. - Les indomptables","robots":{"index":"index","follow":"follow","max-snippet":"max-snippet:-1","max-image-preview":"max-image-preview:large","max-video-preview":"max-video-preview:-1"},"canonical":"https:\/\/lesindomptables.online\/index.php\/2023\/08\/08\/neymar-envisage-de-quitter-le-psg-cet-ete-selon-lequipe\/","og_locale":"fr_FR","og_type":"article","og_title":"Neymar envisage de quitter le PSG cet \u00e9t\u00e9, selon L'\u00c9quipe. - Les indomptables","og_description":"L&rsquo;avenir de Neymar au Paris Saint-Germain (PSG) est incertain, alors que l&rsquo;attaquant br\u00e9silien a inform\u00e9 le club de","og_url":"https:\/\/lesindomptables.online\/index.php\/2023\/08\/08\/neymar-envisage-de-quitter-le-psg-cet-ete-selon-lequipe\/","og_site_name":"Les indomptables","article_published_time":"2023-08-08T02:14:52+00:00","article_modified_time":"2023-08-08T02:14:53+00:00","og_image":[{"url":"https:\/\/lesindomptables.online\/wp-content\/uploads\/2023\/08\/photo1691440322.jpeg","type":"","width":"","height":""}],"author":"Thierry Nwatsok","twitter_card":"summary_large_image","twitter_misc":{"\u00c9crit par":"Thierry Nwatsok","Dur\u00e9e de lecture estim\u00e9e":"2 minutes"},"schema":{"@context":"https:\/\/schema.org","@graph":[{"@type":"Article","@id":"https:\/\/lesindomptables.online\/index.php\/2023\/08\/08\/neymar-envisage-de-quitter-le-psg-cet-ete-selon-lequipe\/#article","isPartOf":{"@id":"https:\/\/lesindomptables.online\/index.php\/2023\/08\/08\/neymar-envisage-de-quitter-le-psg-cet-ete-selon-lequipe\/"},"author":{"name":"Thierry Nwatsok","@id":"https:\/\/lesindomptables.online\/#\/schema\/person\/ac036c2d0ad32686331ce0f6cb2aaa39"},"headline":"Neymar envisage de quitter le PSG cet \u00e9t\u00e9, selon L&rsquo;\u00c9quipe.","datePublished":"2023-08-08T02:14:52+00:00","dateModified":"2023-08-08T02:14:53+00:00","mainEntityOfPage":{"@id":"https:\/\/lesindomptables.online\/index.php\/2023\/08\/08\/neymar-envisage-de-quitter-le-psg-cet-ete-selon-lequipe\/"},"wordCount":384,"commentCount":0,"publisher":{"@id":"https:\/\/lesindomptables.online\/#organization"},"image":{"@id":"https:\/\/lesindomptables.online\/index.php\/2023\/08\/08\/neymar-envisage-de-quitter-le-psg-cet-ete-selon-lequipe\/#primaryimage"},"thumbnailUrl":"https:\/\/lesindomptables.online\/wp-content\/uploads\/2023\/08\/photo1691440322.jpeg","keywords":["neymar","psg"],"articleSection":["Europe","Sport"],"inLanguage":"fr-FR","potentialAction":[{"@type":"CommentAction","name":"Comment","target":["https:\/\/lesindomptables.online\/index.php\/2023\/08\/08\/neymar-envisage-de-quitter-le-psg-cet-ete-selon-lequipe\/#respond"]}]},{"@type":"WebPage","@id":"https:\/\/lesindomptables.online\/index.php\/2023\/08\/08\/neymar-envisage-de-quitter-le-psg-cet-ete-selon-lequipe\/","url":"https:\/\/lesindomptables.online\/index.php\/2023\/08\/08\/neymar-envisage-de-quitter-le-psg-cet-ete-selon-lequipe\/","name":"Neymar envisage de quitter le PSG cet \u00e9t\u00e9, selon L'\u00c9quipe. - Les indomptables","isPartOf":{"@id":"https:\/\/lesindomptables.online\/#website"},"primaryImageOfPage":{"@id":"https:\/\/lesindomptables.online\/index.php\/2023\/08\/08\/neymar-envisage-de-quitter-le-psg-cet-ete-selon-lequipe\/#primaryimage"},"image":{"@id":"https:\/\/lesindomptables.online\/index.php\/2023\/08\/08\/neymar-envisage-de-quitter-le-psg-cet-ete-selon-lequipe\/#primaryimage"},"thumbnailUrl":"https:\/\/lesindomptables.online\/wp-content\/uploads\/2023\/08\/photo1691440322.jpeg","datePublished":"2023-08-08T02:14:52+00:00","dateModified":"2023-08-08T02:14:53+00:00","breadcrumb":{"@id":"https:\/\/lesindomptables.online\/index.php\/2023\/08\/08\/neymar-envisage-de-quitter-le-psg-cet-ete-selon-lequipe\/#breadcrumb"},"inLanguage":"fr-FR","potentialAction":[{"@type":"ReadAction","target":["https:\/\/lesindomptables.online\/index.php\/2023\/08\/08\/neymar-envisage-de-quitter-le-psg-cet-ete-selon-lequipe\/"]}]},{"@type":"ImageObject","inLanguage":"fr-FR","@id":"https:\/\/lesindomptables.online\/index.php\/2023\/08\/08\/neymar-envisage-de-quitter-le-psg-cet-ete-selon-lequipe\/#primaryimage","url":"https:\/\/lesindomptables.online\/wp-content\/uploads\/2023\/08\/photo1691440322.jpeg","contentUrl":"https:\/\/lesindomptables.online\/wp-content\/uploads\/2023\/08\/photo1691440322.jpeg"},{"@type":"BreadcrumbList","@id":"https:\/\/lesindomptables.online\/index.php\/2023\/08\/08\/neymar-envisage-de-quitter-le-psg-cet-ete-selon-lequipe\/#breadcrumb","itemListElement":[{"@type":"ListItem","position":1,"name":"Accueil","item":"https:\/\/lesindomptables.online\/"},{"@type":"ListItem","position":2,"name":"Neymar envisage de quitter le PSG cet \u00e9t\u00e9, selon L&rsquo;\u00c9quipe."}]},{"@type":"WebSite","@id":"https:\/\/lesindomptables.online\/#website","url":"https:\/\/lesindomptables.online\/","name":"Les indomptables","description":"Le Site des indomptables","publisher":{"@id":"https:\/\/lesindomptables.online\/#organization"},"potentialAction":[{"@type":"SearchAction","target":{"@type":"EntryPoint","urlTemplate":"https:\/\/lesindomptables.online\/?s={search_term_string}"},"query-input":{"@type":"PropertyValueSpecification","valueRequired":true,"valueName":"search_term_string"}}],"inLanguage":"fr-FR"},{"@type":"Organization","@id":"https:\/\/lesindomptables.online\/#organization","name":"Les indomptables","url":"https:\/\/lesindomptables.online\/","logo":{"@type":"ImageObject","inLanguage":"fr-FR","@id":"https:\/\/lesindomptables.online\/#\/schema\/logo\/image\/","url":"https:\/\/lesindomptables.online\/wp-content\/uploads\/2023\/01\/cropped-logo_site-2.png","contentUrl":"https:\/\/lesindomptables.online\/wp-content\/uploads\/2023\/01\/cropped-logo_site-2.png","width":249,"height":107,"caption":"Les indomptables"},"image":{"@id":"https:\/\/lesindomptables.online\/#\/schema\/logo\/image\/"}},{"@type":"Person","@id":"https:\/\/lesindomptables.online\/#\/schema\/person\/ac036c2d0ad32686331ce0f6cb2aaa39","name":"Thierry Nwatsok","image":{"@type":"ImageObject","inLanguage":"fr-FR","@id":"https:\/\/lesindomptables.online\/#\/schema\/person\/image\/","url":"https:\/\/secure.gravatar.com\/avatar\/4a86d7542f0e4a5dbd025693531219b34f9a451297b6fefa6e6f00ff0e4f9d7b?s=96&d=mm&r=g","contentUrl":"https:\/\/secure.gravatar.com\/avatar\/4a86d7542f0e4a5dbd025693531219b34f9a451297b6fefa6e6f00ff0e4f9d7b?s=96&d=mm&r=g","caption":"Thierry Nwatsok"},"sameAs":["http:\/\/lesindomptables.online"],"url":"https:\/\/lesindomptables.online\/index.php\/author\/thierry-nwatsok\/"}]}},"featured_image_urls":{"full":"","thumbnail":"","medium":"","medium_large":"","large":"","1536x1536":"","2048x2048":"","morenews-featured":"","morenews-large":"","morenews-medium":"","woocommerce_thumbnail":"","woocommerce_single":"","woocommerce_gallery_thumbnail":""},"author_info":{"display_name":"Thierry Nwatsok","author_link":"https:\/\/lesindomptables.online\/index.php\/author\/thierry-nwatsok\/"},"category_info":"<a href=\"https:\/\/lesindomptables.online\/index.php\/category\/europe\/\" rel=\"category tag\">Europe<\/a> <a href=\"https:\/\/lesindomptables.online\/index.php\/category\/sport\/\" rel=\"category tag\">Sport<\/a>","tag_info":"Sport","comment_count":"0","_links":{"self":[{"href":"https:\/\/lesindomptables.online\/index.php\/wp-json\/wp\/v2\/posts\/1564","targetHints":{"allow":["GET"]}}],"collection":[{"href":"https:\/\/lesindomptables.online\/index.php\/wp-json\/wp\/v2\/posts"}],"about":[{"href":"https:\/\/lesindomptables.online\/index.php\/wp-json\/wp\/v2\/types\/post"}],"author":[{"embeddable":true,"href":"https:\/\/lesindomptables.online\/index.php\/wp-json\/wp\/v2\/users\/10"}],"replies":[{"embeddable":true,"href":"https:\/\/lesindomptables.online\/index.php\/wp-json\/wp\/v2\/comments?post=1564"}],"version-history":[{"count":1,"href":"https:\/\/lesindomptables.online\/index.php\/wp-json\/wp\/v2\/posts\/1564\/revisions"}],"predecessor-version":[{"id":1566,"href":"https:\/\/lesindomptables.online\/index.php\/wp-json\/wp\/v2\/posts\/1564\/revisions\/1566"}],"wp:attachment":[{"href":"https:\/\/lesindomptables.online\/index.php\/wp-json\/wp\/v2\/media?parent=1564"}],"wp:term":[{"taxonomy":"category","embeddable":true,"href":"https:\/\/lesindomptables.online\/index.php\/wp-json\/wp\/v2\/categories?post=1564"},{"taxonomy":"post_tag","embeddable":true,"href":"https:\/\/lesindomptables.online\/index.php\/wp-json\/wp\/v2\/tags?post=1564"}],"curies":[{"name":"wp","href":"https:\/\/api.w.org\/{rel}","templated":true}]}}