{"id":1575,"date":"2023-08-08T22:12:09","date_gmt":"2023-08-08T22:12:09","guid":{"rendered":"https:\/\/lesindomptables.online\/?p=1575"},"modified":"2023-08-08T22:12:10","modified_gmt":"2023-08-08T22:12:10","slug":"le-burkina-faso-denonce-la-convention-fiscale-de-non-double-imposition-avec-la-france-suite-a-labsence-de-renegociation","status":"publish","type":"post","link":"https:\/\/lesindomptables.online\/index.php\/2023\/08\/08\/le-burkina-faso-denonce-la-convention-fiscale-de-non-double-imposition-avec-la-france-suite-a-labsence-de-renegociation\/","title":{"rendered":"\u00ab\u00a0Le Burkina Faso d\u00e9nonce la Convention fiscale de non double imposition avec la France suite \u00e0 l&rsquo;absence de ren\u00e9gociation\u00a0\u00bb"},"content":{"rendered":"\n<p><\/p>\n\n\n\n\n\n<figure class=\"wp-block-image size-full\"><img fetchpriority=\"high\" decoding=\"async\" width=\"838\" height=\"960\" src=\"https:\/\/lesindomptables.online\/wp-content\/uploads\/2023\/08\/Courrier-Confidentiel-09-02-2023-00-26-20-courrierconfidentiel.jpg\" alt=\"\" class=\"wp-image-1576\" srcset=\"https:\/\/lesindomptables.online\/wp-content\/uploads\/2023\/08\/Courrier-Confidentiel-09-02-2023-00-26-20-courrierconfidentiel.jpg 838w, https:\/\/lesindomptables.online\/wp-content\/uploads\/2023\/08\/Courrier-Confidentiel-09-02-2023-00-26-20-courrierconfidentiel-262x300.jpg 262w, https:\/\/lesindomptables.online\/wp-content\/uploads\/2023\/08\/Courrier-Confidentiel-09-02-2023-00-26-20-courrierconfidentiel-768x880.jpg 768w, https:\/\/lesindomptables.online\/wp-content\/uploads\/2023\/08\/Courrier-Confidentiel-09-02-2023-00-26-20-courrierconfidentiel-600x687.jpg 600w\" sizes=\"(max-width: 838px) 100vw, 838px\" \/><\/figure>\n\n\n\n<p>Les autorit\u00e9s du Burkina Faso ont d\u00e9nonc\u00e9 la Convention fiscale de non double imposition avec la France, a rapport\u00e9 l&rsquo;Agence d&rsquo;information du Burkina (AIB). Le document, sign\u00e9 par les deux pays en ao\u00fbt 1965 et entr\u00e9 en vigueur en f\u00e9vrier 1967, ne correspond plus aux int\u00e9r\u00eats du Burkina Faso, selon l&rsquo;agence.<\/p>\n\n\n\n<p>Le m\u00e9contentement de Ouagadougou d\u00e9coule du silence persistant de Paris face aux deux demandes de ren\u00e9gociation des termes de l&rsquo;accord formul\u00e9es par les autorit\u00e9s burkinab\u00e8 en 2020 et 2021. Cette absence de r\u00e9ponse a conduit les autorit\u00e9s du Burkina Faso \u00e0 prendre la d\u00e9cision de d\u00e9noncer la convention fiscale.<\/p>\n\n\n\n<p>La Convention fiscale de non double imposition a \u00e9t\u00e9 \u00e9tablie dans le but de pr\u00e9venir la double imposition des revenus entre les deux pays, en fournissant des r\u00e8gles claires pour la taxation des revenus transfrontaliers. Cependant, selon les autorit\u00e9s burkinab\u00e8, cet accord ne tient pas compte des r\u00e9alit\u00e9s \u00e9conomiques actuelles et des besoins du Burkina Faso.<\/p>\n\n\n\n<p>Le Burkina Faso estime que la convention fiscale actuelle ne permet pas une r\u00e9partition \u00e9quitable des revenus entre les deux pays, et ne favorise pas le d\u00e9veloppement \u00e9conomique du Burkina Faso. Les autorit\u00e9s burkinab\u00e8 ont donc demand\u00e9 \u00e0 plusieurs reprises une ren\u00e9gociation des termes de l&rsquo;accord, afin de mieux prendre en compte les int\u00e9r\u00eats du pays.<\/p>\n\n\n\n<p>Cependant, malgr\u00e9 ces demandes r\u00e9p\u00e9t\u00e9es, les autorit\u00e9s burkinab\u00e8 n&rsquo;ont pas re\u00e7u de r\u00e9ponse de la part de la France. Cette absence de dialogue et de volont\u00e9 de ren\u00e9gociation a conduit le Burkina Faso \u00e0 d\u00e9noncer la convention fiscale.<\/p>\n\n\n\n<p>La d\u00e9nonciation de cet accord fiscal entre le Burkina Faso et la France aura des cons\u00e9quences sur les relations \u00e9conomiques et fiscales entre les deux pays. Les autorit\u00e9s burkinab\u00e8 ont indiqu\u00e9 qu&rsquo;elles prendront les mesures n\u00e9cessaires pour prot\u00e9ger les int\u00e9r\u00eats \u00e9conomiques du Burkina Faso et garantir une taxation \u00e9quitable des revenus transfrontaliers.<\/p>\n\n\n\n<p>Cette d\u00e9cision du Burkina Faso de d\u00e9noncer la convention fiscale avec la France souligne l&rsquo;importance de la coop\u00e9ration et du dialogue entre les pays pour parvenir \u00e0 des accords \u00e9quilibr\u00e9s et b\u00e9n\u00e9fiques pour toutes les parties. Il est essentiel que les pays respectent les demandes de ren\u00e9gociation formul\u00e9es par leurs partenaires, afin de maintenir des relations \u00e9conomiques et fiscales justes et durables.<\/p>\n\n\n\n<p>La d\u00e9nonciation de cette convention fiscale entre le Burkina Faso et la France met en lumi\u00e8re les d\u00e9fis auxquels sont confront\u00e9s de nombreux pays en d\u00e9veloppement dans leurs relations \u00e9conomiques avec les pays d\u00e9velopp\u00e9s. Il est crucial que les pays d\u00e9velopp\u00e9s prennent en compte les r\u00e9alit\u00e9s et les besoins sp\u00e9cifiques des pays en d\u00e9veloppement lors de la conclusion d&rsquo;accords fiscaux et \u00e9conomiques, afin de favoriser une croissance \u00e9quitable et durable pour tous.<\/p>\n","protected":false},"excerpt":{"rendered":"<p>Les autorit\u00e9s du Burkina Faso ont d\u00e9nonc\u00e9 la Convention fiscale de non double imposition avec la France, a<\/p>\n","protected":false},"author":4,"featured_media":0,"comment_status":"open","ping_status":"open","sticky":false,"template":"","format":"standard","meta":{"om_disable_all_campaigns":false,"_monsterinsights_skip_tracking":false,"_monsterinsights_sitenote_active":false,"_monsterinsights_sitenote_note":"","_monsterinsights_sitenote_category":0,"_uf_show_specific_survey":0,"_uf_disable_surveys":false,"footnotes":""},"categories":[4,304,302],"tags":[543,544],"class_list":["post-1575","post","type-post","status-publish","format-standard","hentry","category-afrique","category-geopolitique-afrique","category-politique-afrique","tag-burkinafaso","tag-double-imposition"],"yoast_head":"<!-- This site is optimized with the Yoast SEO plugin v26.5 - https:\/\/yoast.com\/wordpress\/plugins\/seo\/ -->\n<title>&quot;Le Burkina Faso d\u00e9nonce la Convention fiscale de non double imposition avec la France suite \u00e0 l&#039;absence de ren\u00e9gociation&quot; - Les indomptables<\/title>\n<meta name=\"robots\" content=\"index, follow, max-snippet:-1, max-image-preview:large, max-video-preview:-1\" \/>\n<link rel=\"canonical\" href=\"https:\/\/lesindomptables.online\/index.php\/2023\/08\/08\/le-burkina-faso-denonce-la-convention-fiscale-de-non-double-imposition-avec-la-france-suite-a-labsence-de-renegociation\/\" \/>\n<meta property=\"og:locale\" content=\"fr_FR\" \/>\n<meta property=\"og:type\" content=\"article\" \/>\n<meta property=\"og:title\" content=\"&quot;Le Burkina Faso d\u00e9nonce la Convention fiscale de non double imposition avec la France suite \u00e0 l&#039;absence de ren\u00e9gociation&quot; - Les indomptables\" \/>\n<meta property=\"og:description\" content=\"Les autorit\u00e9s du Burkina Faso ont d\u00e9nonc\u00e9 la Convention fiscale de non double imposition avec la France, a\" \/>\n<meta property=\"og:url\" content=\"https:\/\/lesindomptables.online\/index.php\/2023\/08\/08\/le-burkina-faso-denonce-la-convention-fiscale-de-non-double-imposition-avec-la-france-suite-a-labsence-de-renegociation\/\" \/>\n<meta property=\"og:site_name\" content=\"Les indomptables\" \/>\n<meta property=\"article:published_time\" content=\"2023-08-08T22:12:09+00:00\" \/>\n<meta property=\"article:modified_time\" content=\"2023-08-08T22:12:10+00:00\" \/>\n<meta property=\"og:image\" content=\"https:\/\/lesindomptables.online\/wp-content\/uploads\/2023\/08\/Courrier-Confidentiel-09-02-2023-00-26-20-courrierconfidentiel.jpg\" \/>\n<meta name=\"author\" content=\"Claire Lolita NTSAMA\" \/>\n<meta name=\"twitter:card\" content=\"summary_large_image\" \/>\n<meta name=\"twitter:label1\" content=\"\u00c9crit par\" \/>\n\t<meta name=\"twitter:data1\" content=\"Claire Lolita NTSAMA\" \/>\n\t<meta name=\"twitter:label2\" content=\"Dur\u00e9e de lecture estim\u00e9e\" \/>\n\t<meta name=\"twitter:data2\" content=\"3 minutes\" \/>\n<script type=\"application\/ld+json\" class=\"yoast-schema-graph\">{\"@context\":\"https:\/\/schema.org\",\"@graph\":[{\"@type\":\"Article\",\"@id\":\"https:\/\/lesindomptables.online\/index.php\/2023\/08\/08\/le-burkina-faso-denonce-la-convention-fiscale-de-non-double-imposition-avec-la-france-suite-a-labsence-de-renegociation\/#article\",\"isPartOf\":{\"@id\":\"https:\/\/lesindomptables.online\/index.php\/2023\/08\/08\/le-burkina-faso-denonce-la-convention-fiscale-de-non-double-imposition-avec-la-france-suite-a-labsence-de-renegociation\/\"},\"author\":{\"name\":\"Claire Lolita NTSAMA\",\"@id\":\"https:\/\/lesindomptables.online\/#\/schema\/person\/f9b0508b386f0b294a9a559a9f39aeee\"},\"headline\":\"\u00ab\u00a0Le Burkina Faso d\u00e9nonce la Convention fiscale de non double imposition avec la France suite \u00e0 l&rsquo;absence de ren\u00e9gociation\u00a0\u00bb\",\"datePublished\":\"2023-08-08T22:12:09+00:00\",\"dateModified\":\"2023-08-08T22:12:10+00:00\",\"mainEntityOfPage\":{\"@id\":\"https:\/\/lesindomptables.online\/index.php\/2023\/08\/08\/le-burkina-faso-denonce-la-convention-fiscale-de-non-double-imposition-avec-la-france-suite-a-labsence-de-renegociation\/\"},\"wordCount\":520,\"commentCount\":0,\"publisher\":{\"@id\":\"https:\/\/lesindomptables.online\/#organization\"},\"image\":{\"@id\":\"https:\/\/lesindomptables.online\/index.php\/2023\/08\/08\/le-burkina-faso-denonce-la-convention-fiscale-de-non-double-imposition-avec-la-france-suite-a-labsence-de-renegociation\/#primaryimage\"},\"thumbnailUrl\":\"https:\/\/lesindomptables.online\/wp-content\/uploads\/2023\/08\/Courrier-Confidentiel-09-02-2023-00-26-20-courrierconfidentiel.jpg\",\"keywords\":[\"burkinafaso\",\"double imposition\"],\"articleSection\":[\"Afrique\",\"G\u00e9opolitique\",\"Politique\"],\"inLanguage\":\"fr-FR\",\"potentialAction\":[{\"@type\":\"CommentAction\",\"name\":\"Comment\",\"target\":[\"https:\/\/lesindomptables.online\/index.php\/2023\/08\/08\/le-burkina-faso-denonce-la-convention-fiscale-de-non-double-imposition-avec-la-france-suite-a-labsence-de-renegociation\/#respond\"]}]},{\"@type\":\"WebPage\",\"@id\":\"https:\/\/lesindomptables.online\/index.php\/2023\/08\/08\/le-burkina-faso-denonce-la-convention-fiscale-de-non-double-imposition-avec-la-france-suite-a-labsence-de-renegociation\/\",\"url\":\"https:\/\/lesindomptables.online\/index.php\/2023\/08\/08\/le-burkina-faso-denonce-la-convention-fiscale-de-non-double-imposition-avec-la-france-suite-a-labsence-de-renegociation\/\",\"name\":\"\\\"Le Burkina Faso d\u00e9nonce la Convention fiscale de non double imposition avec la France suite \u00e0 l'absence de ren\u00e9gociation\\\" - Les indomptables\",\"isPartOf\":{\"@id\":\"https:\/\/lesindomptables.online\/#website\"},\"primaryImageOfPage\":{\"@id\":\"https:\/\/lesindomptables.online\/index.php\/2023\/08\/08\/le-burkina-faso-denonce-la-convention-fiscale-de-non-double-imposition-avec-la-france-suite-a-labsence-de-renegociation\/#primaryimage\"},\"image\":{\"@id\":\"https:\/\/lesindomptables.online\/index.php\/2023\/08\/08\/le-burkina-faso-denonce-la-convention-fiscale-de-non-double-imposition-avec-la-france-suite-a-labsence-de-renegociation\/#primaryimage\"},\"thumbnailUrl\":\"https:\/\/lesindomptables.online\/wp-content\/uploads\/2023\/08\/Courrier-Confidentiel-09-02-2023-00-26-20-courrierconfidentiel.jpg\",\"datePublished\":\"2023-08-08T22:12:09+00:00\",\"dateModified\":\"2023-08-08T22:12:10+00:00\",\"breadcrumb\":{\"@id\":\"https:\/\/lesindomptables.online\/index.php\/2023\/08\/08\/le-burkina-faso-denonce-la-convention-fiscale-de-non-double-imposition-avec-la-france-suite-a-labsence-de-renegociation\/#breadcrumb\"},\"inLanguage\":\"fr-FR\",\"potentialAction\":[{\"@type\":\"ReadAction\",\"target\":[\"https:\/\/lesindomptables.online\/index.php\/2023\/08\/08\/le-burkina-faso-denonce-la-convention-fiscale-de-non-double-imposition-avec-la-france-suite-a-labsence-de-renegociation\/\"]}]},{\"@type\":\"ImageObject\",\"inLanguage\":\"fr-FR\",\"@id\":\"https:\/\/lesindomptables.online\/index.php\/2023\/08\/08\/le-burkina-faso-denonce-la-convention-fiscale-de-non-double-imposition-avec-la-france-suite-a-labsence-de-renegociation\/#primaryimage\",\"url\":\"https:\/\/lesindomptables.online\/wp-content\/uploads\/2023\/08\/Courrier-Confidentiel-09-02-2023-00-26-20-courrierconfidentiel.jpg\",\"contentUrl\":\"https:\/\/lesindomptables.online\/wp-content\/uploads\/2023\/08\/Courrier-Confidentiel-09-02-2023-00-26-20-courrierconfidentiel.jpg\"},{\"@type\":\"BreadcrumbList\",\"@id\":\"https:\/\/lesindomptables.online\/index.php\/2023\/08\/08\/le-burkina-faso-denonce-la-convention-fiscale-de-non-double-imposition-avec-la-france-suite-a-labsence-de-renegociation\/#breadcrumb\",\"itemListElement\":[{\"@type\":\"ListItem\",\"position\":1,\"name\":\"Accueil\",\"item\":\"https:\/\/lesindomptables.online\/\"},{\"@type\":\"ListItem\",\"position\":2,\"name\":\"\u00ab\u00a0Le Burkina Faso d\u00e9nonce la Convention fiscale de non double imposition avec la France suite \u00e0 l&rsquo;absence de ren\u00e9gociation\u00a0\u00bb\"}]},{\"@type\":\"WebSite\",\"@id\":\"https:\/\/lesindomptables.online\/#website\",\"url\":\"https:\/\/lesindomptables.online\/\",\"name\":\"Les indomptables\",\"description\":\"Le Site des indomptables\",\"publisher\":{\"@id\":\"https:\/\/lesindomptables.online\/#organization\"},\"potentialAction\":[{\"@type\":\"SearchAction\",\"target\":{\"@type\":\"EntryPoint\",\"urlTemplate\":\"https:\/\/lesindomptables.online\/?s={search_term_string}\"},\"query-input\":{\"@type\":\"PropertyValueSpecification\",\"valueRequired\":true,\"valueName\":\"search_term_string\"}}],\"inLanguage\":\"fr-FR\"},{\"@type\":\"Organization\",\"@id\":\"https:\/\/lesindomptables.online\/#organization\",\"name\":\"Les indomptables\",\"url\":\"https:\/\/lesindomptables.online\/\",\"logo\":{\"@type\":\"ImageObject\",\"inLanguage\":\"fr-FR\",\"@id\":\"https:\/\/lesindomptables.online\/#\/schema\/logo\/image\/\",\"url\":\"https:\/\/lesindomptables.online\/wp-content\/uploads\/2023\/01\/cropped-logo_site-2.png\",\"contentUrl\":\"https:\/\/lesindomptables.online\/wp-content\/uploads\/2023\/01\/cropped-logo_site-2.png\",\"width\":249,\"height\":107,\"caption\":\"Les indomptables\"},\"image\":{\"@id\":\"https:\/\/lesindomptables.online\/#\/schema\/logo\/image\/\"}},{\"@type\":\"Person\",\"@id\":\"https:\/\/lesindomptables.online\/#\/schema\/person\/f9b0508b386f0b294a9a559a9f39aeee\",\"name\":\"Claire Lolita NTSAMA\",\"image\":{\"@type\":\"ImageObject\",\"inLanguage\":\"fr-FR\",\"@id\":\"https:\/\/lesindomptables.online\/#\/schema\/person\/image\/\",\"url\":\"https:\/\/secure.gravatar.com\/avatar\/d2035a33275794520907f55418707cb71c4836ab6c4b4026d482211c55e2a94f?s=96&d=mm&r=g\",\"contentUrl\":\"https:\/\/secure.gravatar.com\/avatar\/d2035a33275794520907f55418707cb71c4836ab6c4b4026d482211c55e2a94f?s=96&d=mm&r=g\",\"caption\":\"Claire Lolita NTSAMA\"},\"sameAs\":[\"https:\/\/lesindomptables.online\"],\"url\":\"https:\/\/lesindomptables.online\/index.php\/author\/ntsama\/\"}]}<\/script>\n<!-- \/ Yoast SEO plugin. -->","yoast_head_json":{"title":"\"Le Burkina Faso d\u00e9nonce la Convention fiscale de non double imposition avec la France suite \u00e0 l'absence de ren\u00e9gociation\" - Les indomptables","robots":{"index":"index","follow":"follow","max-snippet":"max-snippet:-1","max-image-preview":"max-image-preview:large","max-video-preview":"max-video-preview:-1"},"canonical":"https:\/\/lesindomptables.online\/index.php\/2023\/08\/08\/le-burkina-faso-denonce-la-convention-fiscale-de-non-double-imposition-avec-la-france-suite-a-labsence-de-renegociation\/","og_locale":"fr_FR","og_type":"article","og_title":"\"Le Burkina Faso d\u00e9nonce la Convention fiscale de non double imposition avec la France suite \u00e0 l'absence de ren\u00e9gociation\" - Les indomptables","og_description":"Les autorit\u00e9s du Burkina Faso ont d\u00e9nonc\u00e9 la Convention fiscale de non double imposition avec la France, a","og_url":"https:\/\/lesindomptables.online\/index.php\/2023\/08\/08\/le-burkina-faso-denonce-la-convention-fiscale-de-non-double-imposition-avec-la-france-suite-a-labsence-de-renegociation\/","og_site_name":"Les indomptables","article_published_time":"2023-08-08T22:12:09+00:00","article_modified_time":"2023-08-08T22:12:10+00:00","og_image":[{"url":"https:\/\/lesindomptables.online\/wp-content\/uploads\/2023\/08\/Courrier-Confidentiel-09-02-2023-00-26-20-courrierconfidentiel.jpg","type":"","width":"","height":""}],"author":"Claire Lolita NTSAMA","twitter_card":"summary_large_image","twitter_misc":{"\u00c9crit par":"Claire Lolita NTSAMA","Dur\u00e9e de lecture estim\u00e9e":"3 minutes"},"schema":{"@context":"https:\/\/schema.org","@graph":[{"@type":"Article","@id":"https:\/\/lesindomptables.online\/index.php\/2023\/08\/08\/le-burkina-faso-denonce-la-convention-fiscale-de-non-double-imposition-avec-la-france-suite-a-labsence-de-renegociation\/#article","isPartOf":{"@id":"https:\/\/lesindomptables.online\/index.php\/2023\/08\/08\/le-burkina-faso-denonce-la-convention-fiscale-de-non-double-imposition-avec-la-france-suite-a-labsence-de-renegociation\/"},"author":{"name":"Claire Lolita NTSAMA","@id":"https:\/\/lesindomptables.online\/#\/schema\/person\/f9b0508b386f0b294a9a559a9f39aeee"},"headline":"\u00ab\u00a0Le Burkina Faso d\u00e9nonce la Convention fiscale de non double imposition avec la France suite \u00e0 l&rsquo;absence de ren\u00e9gociation\u00a0\u00bb","datePublished":"2023-08-08T22:12:09+00:00","dateModified":"2023-08-08T22:12:10+00:00","mainEntityOfPage":{"@id":"https:\/\/lesindomptables.online\/index.php\/2023\/08\/08\/le-burkina-faso-denonce-la-convention-fiscale-de-non-double-imposition-avec-la-france-suite-a-labsence-de-renegociation\/"},"wordCount":520,"commentCount":0,"publisher":{"@id":"https:\/\/lesindomptables.online\/#organization"},"image":{"@id":"https:\/\/lesindomptables.online\/index.php\/2023\/08\/08\/le-burkina-faso-denonce-la-convention-fiscale-de-non-double-imposition-avec-la-france-suite-a-labsence-de-renegociation\/#primaryimage"},"thumbnailUrl":"https:\/\/lesindomptables.online\/wp-content\/uploads\/2023\/08\/Courrier-Confidentiel-09-02-2023-00-26-20-courrierconfidentiel.jpg","keywords":["burkinafaso","double imposition"],"articleSection":["Afrique","G\u00e9opolitique","Politique"],"inLanguage":"fr-FR","potentialAction":[{"@type":"CommentAction","name":"Comment","target":["https:\/\/lesindomptables.online\/index.php\/2023\/08\/08\/le-burkina-faso-denonce-la-convention-fiscale-de-non-double-imposition-avec-la-france-suite-a-labsence-de-renegociation\/#respond"]}]},{"@type":"WebPage","@id":"https:\/\/lesindomptables.online\/index.php\/2023\/08\/08\/le-burkina-faso-denonce-la-convention-fiscale-de-non-double-imposition-avec-la-france-suite-a-labsence-de-renegociation\/","url":"https:\/\/lesindomptables.online\/index.php\/2023\/08\/08\/le-burkina-faso-denonce-la-convention-fiscale-de-non-double-imposition-avec-la-france-suite-a-labsence-de-renegociation\/","name":"\"Le Burkina Faso d\u00e9nonce la Convention fiscale de non double imposition avec la France suite \u00e0 l'absence de ren\u00e9gociation\" - Les indomptables","isPartOf":{"@id":"https:\/\/lesindomptables.online\/#website"},"primaryImageOfPage":{"@id":"https:\/\/lesindomptables.online\/index.php\/2023\/08\/08\/le-burkina-faso-denonce-la-convention-fiscale-de-non-double-imposition-avec-la-france-suite-a-labsence-de-renegociation\/#primaryimage"},"image":{"@id":"https:\/\/lesindomptables.online\/index.php\/2023\/08\/08\/le-burkina-faso-denonce-la-convention-fiscale-de-non-double-imposition-avec-la-france-suite-a-labsence-de-renegociation\/#primaryimage"},"thumbnailUrl":"https:\/\/lesindomptables.online\/wp-content\/uploads\/2023\/08\/Courrier-Confidentiel-09-02-2023-00-26-20-courrierconfidentiel.jpg","datePublished":"2023-08-08T22:12:09+00:00","dateModified":"2023-08-08T22:12:10+00:00","breadcrumb":{"@id":"https:\/\/lesindomptables.online\/index.php\/2023\/08\/08\/le-burkina-faso-denonce-la-convention-fiscale-de-non-double-imposition-avec-la-france-suite-a-labsence-de-renegociation\/#breadcrumb"},"inLanguage":"fr-FR","potentialAction":[{"@type":"ReadAction","target":["https:\/\/lesindomptables.online\/index.php\/2023\/08\/08\/le-burkina-faso-denonce-la-convention-fiscale-de-non-double-imposition-avec-la-france-suite-a-labsence-de-renegociation\/"]}]},{"@type":"ImageObject","inLanguage":"fr-FR","@id":"https:\/\/lesindomptables.online\/index.php\/2023\/08\/08\/le-burkina-faso-denonce-la-convention-fiscale-de-non-double-imposition-avec-la-france-suite-a-labsence-de-renegociation\/#primaryimage","url":"https:\/\/lesindomptables.online\/wp-content\/uploads\/2023\/08\/Courrier-Confidentiel-09-02-2023-00-26-20-courrierconfidentiel.jpg","contentUrl":"https:\/\/lesindomptables.online\/wp-content\/uploads\/2023\/08\/Courrier-Confidentiel-09-02-2023-00-26-20-courrierconfidentiel.jpg"},{"@type":"BreadcrumbList","@id":"https:\/\/lesindomptables.online\/index.php\/2023\/08\/08\/le-burkina-faso-denonce-la-convention-fiscale-de-non-double-imposition-avec-la-france-suite-a-labsence-de-renegociation\/#breadcrumb","itemListElement":[{"@type":"ListItem","position":1,"name":"Accueil","item":"https:\/\/lesindomptables.online\/"},{"@type":"ListItem","position":2,"name":"\u00ab\u00a0Le Burkina Faso d\u00e9nonce la Convention fiscale de non double imposition avec la France suite \u00e0 l&rsquo;absence de ren\u00e9gociation\u00a0\u00bb"}]},{"@type":"WebSite","@id":"https:\/\/lesindomptables.online\/#website","url":"https:\/\/lesindomptables.online\/","name":"Les indomptables","description":"Le Site des indomptables","publisher":{"@id":"https:\/\/lesindomptables.online\/#organization"},"potentialAction":[{"@type":"SearchAction","target":{"@type":"EntryPoint","urlTemplate":"https:\/\/lesindomptables.online\/?s={search_term_string}"},"query-input":{"@type":"PropertyValueSpecification","valueRequired":true,"valueName":"search_term_string"}}],"inLanguage":"fr-FR"},{"@type":"Organization","@id":"https:\/\/lesindomptables.online\/#organization","name":"Les indomptables","url":"https:\/\/lesindomptables.online\/","logo":{"@type":"ImageObject","inLanguage":"fr-FR","@id":"https:\/\/lesindomptables.online\/#\/schema\/logo\/image\/","url":"https:\/\/lesindomptables.online\/wp-content\/uploads\/2023\/01\/cropped-logo_site-2.png","contentUrl":"https:\/\/lesindomptables.online\/wp-content\/uploads\/2023\/01\/cropped-logo_site-2.png","width":249,"height":107,"caption":"Les indomptables"},"image":{"@id":"https:\/\/lesindomptables.online\/#\/schema\/logo\/image\/"}},{"@type":"Person","@id":"https:\/\/lesindomptables.online\/#\/schema\/person\/f9b0508b386f0b294a9a559a9f39aeee","name":"Claire Lolita NTSAMA","image":{"@type":"ImageObject","inLanguage":"fr-FR","@id":"https:\/\/lesindomptables.online\/#\/schema\/person\/image\/","url":"https:\/\/secure.gravatar.com\/avatar\/d2035a33275794520907f55418707cb71c4836ab6c4b4026d482211c55e2a94f?s=96&d=mm&r=g","contentUrl":"https:\/\/secure.gravatar.com\/avatar\/d2035a33275794520907f55418707cb71c4836ab6c4b4026d482211c55e2a94f?s=96&d=mm&r=g","caption":"Claire Lolita NTSAMA"},"sameAs":["https:\/\/lesindomptables.online"],"url":"https:\/\/lesindomptables.online\/index.php\/author\/ntsama\/"}]}},"featured_image_urls":{"full":"","thumbnail":"","medium":"","medium_large":"","large":"","1536x1536":"","2048x2048":"","morenews-featured":"","morenews-large":"","morenews-medium":"","woocommerce_thumbnail":"","woocommerce_single":"","woocommerce_gallery_thumbnail":""},"author_info":{"display_name":"Claire Lolita NTSAMA","author_link":"https:\/\/lesindomptables.online\/index.php\/author\/ntsama\/"},"category_info":"<a href=\"https:\/\/lesindomptables.online\/index.php\/category\/afrique\/\" rel=\"category tag\">Afrique<\/a> <a href=\"https:\/\/lesindomptables.online\/index.php\/category\/afrique\/geopolitique-afrique\/\" rel=\"category tag\">G\u00e9opolitique<\/a> <a href=\"https:\/\/lesindomptables.online\/index.php\/category\/afrique\/politique-afrique\/\" rel=\"category tag\">Politique<\/a>","tag_info":"Politique","comment_count":"0","_links":{"self":[{"href":"https:\/\/lesindomptables.online\/index.php\/wp-json\/wp\/v2\/posts\/1575","targetHints":{"allow":["GET"]}}],"collection":[{"href":"https:\/\/lesindomptables.online\/index.php\/wp-json\/wp\/v2\/posts"}],"about":[{"href":"https:\/\/lesindomptables.online\/index.php\/wp-json\/wp\/v2\/types\/post"}],"author":[{"embeddable":true,"href":"https:\/\/lesindomptables.online\/index.php\/wp-json\/wp\/v2\/users\/4"}],"replies":[{"embeddable":true,"href":"https:\/\/lesindomptables.online\/index.php\/wp-json\/wp\/v2\/comments?post=1575"}],"version-history":[{"count":1,"href":"https:\/\/lesindomptables.online\/index.php\/wp-json\/wp\/v2\/posts\/1575\/revisions"}],"predecessor-version":[{"id":1577,"href":"https:\/\/lesindomptables.online\/index.php\/wp-json\/wp\/v2\/posts\/1575\/revisions\/1577"}],"wp:attachment":[{"href":"https:\/\/lesindomptables.online\/index.php\/wp-json\/wp\/v2\/media?parent=1575"}],"wp:term":[{"taxonomy":"category","embeddable":true,"href":"https:\/\/lesindomptables.online\/index.php\/wp-json\/wp\/v2\/categories?post=1575"},{"taxonomy":"post_tag","embeddable":true,"href":"https:\/\/lesindomptables.online\/index.php\/wp-json\/wp\/v2\/tags?post=1575"}],"curies":[{"name":"wp","href":"https:\/\/api.w.org\/{rel}","templated":true}]}}