{"id":1645,"date":"2023-08-16T23:48:06","date_gmt":"2023-08-16T23:48:06","guid":{"rendered":"https:\/\/lesindomptables.online\/?p=1645"},"modified":"2023-08-16T23:48:06","modified_gmt":"2023-08-16T23:48:06","slug":"alerte-orange-une-canicule-record-menace-cinq-departements-francais","status":"publish","type":"post","link":"https:\/\/lesindomptables.online\/index.php\/2023\/08\/16\/alerte-orange-une-canicule-record-menace-cinq-departements-francais\/","title":{"rendered":"Alerte orange : une canicule record menace cinq d\u00e9partements fran\u00e7ais."},"content":{"rendered":"\n<figure class=\"wp-block-image size-large\"><img fetchpriority=\"high\" decoding=\"async\" width=\"1024\" height=\"576\" src=\"https:\/\/lesindomptables.online\/wp-content\/uploads\/2023\/08\/w1280-p16x9-2023-07-18T170510Z_691870369_RC2N52A0SBXR_RTRMADP_3_EUROPE-WEATHER-ITALY-1024x576.jpg\" alt=\"\" class=\"wp-image-1646\" srcset=\"https:\/\/lesindomptables.online\/wp-content\/uploads\/2023\/08\/w1280-p16x9-2023-07-18T170510Z_691870369_RC2N52A0SBXR_RTRMADP_3_EUROPE-WEATHER-ITALY-1024x576.jpg 1024w, https:\/\/lesindomptables.online\/wp-content\/uploads\/2023\/08\/w1280-p16x9-2023-07-18T170510Z_691870369_RC2N52A0SBXR_RTRMADP_3_EUROPE-WEATHER-ITALY-300x169.jpg 300w, https:\/\/lesindomptables.online\/wp-content\/uploads\/2023\/08\/w1280-p16x9-2023-07-18T170510Z_691870369_RC2N52A0SBXR_RTRMADP_3_EUROPE-WEATHER-ITALY-768x432.jpg 768w, https:\/\/lesindomptables.online\/wp-content\/uploads\/2023\/08\/w1280-p16x9-2023-07-18T170510Z_691870369_RC2N52A0SBXR_RTRMADP_3_EUROPE-WEATHER-ITALY-600x338.jpg 600w, https:\/\/lesindomptables.online\/wp-content\/uploads\/2023\/08\/w1280-p16x9-2023-07-18T170510Z_691870369_RC2N52A0SBXR_RTRMADP_3_EUROPE-WEATHER-ITALY.jpg 1280w\" sizes=\"(max-width: 1024px) 100vw, 1024px\" \/><\/figure>\n\n\n\n<p>Une alerte orange m\u00e9t\u00e9orologique a \u00e9t\u00e9 d\u00e9clar\u00e9e dans cinq d\u00e9partements de la France \u00e0 l&rsquo;approche d&rsquo;une nouvelle vague de canicule qui pourrait s&rsquo;av\u00e9rer la plus forte depuis le d\u00e9but de l&rsquo;\u00e9t\u00e9.<\/p>\n\n\n\n<p>Selon le service m\u00e9t\u00e9orologique national, la temp\u00e9rature pourrait atteindre 40\u00b0C pendant le week-end dans les d\u00e9partements du Rh\u00f4ne, de l&rsquo;Ain, de la Savoie, de la Haute-Savoie et de l&rsquo;Is\u00e8re. M\u00e9t\u00e9o-France pr\u00e9cise que les jours \u00e0 venir pourraient \u00eatre les plus chauds de l&rsquo;\u00e9t\u00e9 2023 en raison de la vague de chaleur qui approche.<\/p>\n\n\n\n<p>Dans ce contexte, les m\u00e9t\u00e9orologues appellent les Fran\u00e7ais \u00e0 ne pas sortir dans la rue pendant le pic de chaleur, \u00e0 boire plus d&rsquo;eau et \u00e0 prendre soin des personnes vuln\u00e9rables.<\/p>\n\n\n\n<p>La canicule est un ph\u00e9nom\u00e8ne m\u00e9t\u00e9orologique qui peut avoir de graves cons\u00e9quences sur la sant\u00e9, en particulier pour les personnes \u00e2g\u00e9es, les nourrissons, les personnes atteintes de maladies chroniques et les personnes travaillant \u00e0 l&rsquo;ext\u00e9rieur. Les temp\u00e9ratures \u00e9lev\u00e9es peuvent entra\u00eener des coups de chaleur, des d\u00e9shydratations et des malaises.<\/p>\n\n\n\n<p>Les autorit\u00e9s recommandent \u00e9galement de rester \u00e0 l&rsquo;ombre pendant les heures les plus chaudes de la journ\u00e9e, d&rsquo;\u00e9viter les activit\u00e9s physiques intenses et de porter des v\u00eatements l\u00e9gers et amples. Il est \u00e9galement conseill\u00e9 de maintenir les pi\u00e8ces de vie \u00e0 une temp\u00e9rature fra\u00eeche en fermant les volets et en utilisant des ventilateurs ou des climatiseurs si possible.<\/p>\n\n\n\n<p>Les services de secours et de sant\u00e9 sont mobilis\u00e9s pour faire face \u00e0 cette vague de chaleur. Des centres de rafra\u00eechissement ont \u00e9t\u00e9 mis en place dans les d\u00e9partements concern\u00e9s afin d&rsquo;accueillir les personnes en difficult\u00e9. Il est important de signaler tout cas de malaise ou de sympt\u00f4mes li\u00e9s \u00e0 la chaleur aux autorit\u00e9s comp\u00e9tentes.<\/p>\n\n\n\n<p>Les m\u00e9t\u00e9orologues surveillent de pr\u00e8s l&rsquo;\u00e9volution de la situation et appellent \u00e0 la vigilance. Les pr\u00e9visions m\u00e9t\u00e9orologiques seront mises \u00e0 jour r\u00e9guli\u00e8rement afin d&rsquo;informer la population des \u00e9ventuels changements.<\/p>\n\n\n\n<p> Il est essentiel de prendre les mesures n\u00e9cessaires pour se prot\u00e9ger de la chaleur excessive. En suivant les recommandations des autorit\u00e9s, chacun peut contribuer \u00e0 minimiser les risques li\u00e9s \u00e0 cette canicule. Il est primordial de rester hydrat\u00e9, de se prot\u00e9ger du soleil et de veiller sur les personnes vuln\u00e9rables<\/p>\n","protected":false},"excerpt":{"rendered":"<p>Une alerte orange m\u00e9t\u00e9orologique a \u00e9t\u00e9 d\u00e9clar\u00e9e dans cinq d\u00e9partements de la France \u00e0 l&rsquo;approche d&rsquo;une nouvelle vague<\/p>\n","protected":false},"author":8,"featured_media":0,"comment_status":"open","ping_status":"open","sticky":false,"template":"","format":"standard","meta":{"om_disable_all_campaigns":false,"_monsterinsights_skip_tracking":false,"_monsterinsights_sitenote_active":false,"_monsterinsights_sitenote_note":"","_monsterinsights_sitenote_category":0,"_uf_show_specific_survey":0,"_uf_disable_surveys":false,"footnotes":""},"categories":[5,17],"tags":[],"class_list":["post-1645","post","type-post","status-publish","format-standard","hentry","category-europe","category-societe"],"yoast_head":"<!-- This site is optimized with the Yoast SEO plugin v26.5 - https:\/\/yoast.com\/wordpress\/plugins\/seo\/ -->\n<title>Alerte orange : une canicule record menace cinq d\u00e9partements fran\u00e7ais. - Les indomptables<\/title>\n<meta name=\"robots\" content=\"index, follow, max-snippet:-1, max-image-preview:large, max-video-preview:-1\" \/>\n<link rel=\"canonical\" href=\"https:\/\/lesindomptables.online\/index.php\/2023\/08\/16\/alerte-orange-une-canicule-record-menace-cinq-departements-francais\/\" \/>\n<meta property=\"og:locale\" content=\"fr_FR\" \/>\n<meta property=\"og:type\" content=\"article\" \/>\n<meta property=\"og:title\" content=\"Alerte orange : une canicule record menace cinq d\u00e9partements fran\u00e7ais. - Les indomptables\" \/>\n<meta property=\"og:description\" content=\"Une alerte orange m\u00e9t\u00e9orologique a \u00e9t\u00e9 d\u00e9clar\u00e9e dans cinq d\u00e9partements de la France \u00e0 l&rsquo;approche d&rsquo;une nouvelle vague\" \/>\n<meta property=\"og:url\" content=\"https:\/\/lesindomptables.online\/index.php\/2023\/08\/16\/alerte-orange-une-canicule-record-menace-cinq-departements-francais\/\" \/>\n<meta property=\"og:site_name\" content=\"Les indomptables\" \/>\n<meta property=\"article:published_time\" content=\"2023-08-16T23:48:06+00:00\" \/>\n<meta property=\"og:image\" content=\"https:\/\/lesindomptables.online\/wp-content\/uploads\/2023\/08\/w1280-p16x9-2023-07-18T170510Z_691870369_RC2N52A0SBXR_RTRMADP_3_EUROPE-WEATHER-ITALY-1024x576.jpg\" \/>\n<meta name=\"author\" content=\"Bibiane Guetchop\" \/>\n<meta name=\"twitter:card\" content=\"summary_large_image\" \/>\n<meta name=\"twitter:label1\" content=\"\u00c9crit par\" \/>\n\t<meta name=\"twitter:data1\" content=\"Bibiane Guetchop\" \/>\n\t<meta name=\"twitter:label2\" content=\"Dur\u00e9e de lecture estim\u00e9e\" \/>\n\t<meta name=\"twitter:data2\" content=\"3 minutes\" \/>\n<script type=\"application\/ld+json\" class=\"yoast-schema-graph\">{\"@context\":\"https:\/\/schema.org\",\"@graph\":[{\"@type\":\"Article\",\"@id\":\"https:\/\/lesindomptables.online\/index.php\/2023\/08\/16\/alerte-orange-une-canicule-record-menace-cinq-departements-francais\/#article\",\"isPartOf\":{\"@id\":\"https:\/\/lesindomptables.online\/index.php\/2023\/08\/16\/alerte-orange-une-canicule-record-menace-cinq-departements-francais\/\"},\"author\":{\"name\":\"Bibiane Guetchop\",\"@id\":\"https:\/\/lesindomptables.online\/#\/schema\/person\/fcd0077a288d0152520fa4a2939fff2e\"},\"headline\":\"Alerte orange : une canicule record menace cinq d\u00e9partements fran\u00e7ais.\",\"datePublished\":\"2023-08-16T23:48:06+00:00\",\"mainEntityOfPage\":{\"@id\":\"https:\/\/lesindomptables.online\/index.php\/2023\/08\/16\/alerte-orange-une-canicule-record-menace-cinq-departements-francais\/\"},\"wordCount\":427,\"commentCount\":0,\"publisher\":{\"@id\":\"https:\/\/lesindomptables.online\/#organization\"},\"image\":{\"@id\":\"https:\/\/lesindomptables.online\/index.php\/2023\/08\/16\/alerte-orange-une-canicule-record-menace-cinq-departements-francais\/#primaryimage\"},\"thumbnailUrl\":\"https:\/\/lesindomptables.online\/wp-content\/uploads\/2023\/08\/w1280-p16x9-2023-07-18T170510Z_691870369_RC2N52A0SBXR_RTRMADP_3_EUROPE-WEATHER-ITALY-1024x576.jpg\",\"articleSection\":[\"Europe\",\"Soci\u00e9t\u00e9\"],\"inLanguage\":\"fr-FR\",\"potentialAction\":[{\"@type\":\"CommentAction\",\"name\":\"Comment\",\"target\":[\"https:\/\/lesindomptables.online\/index.php\/2023\/08\/16\/alerte-orange-une-canicule-record-menace-cinq-departements-francais\/#respond\"]}]},{\"@type\":\"WebPage\",\"@id\":\"https:\/\/lesindomptables.online\/index.php\/2023\/08\/16\/alerte-orange-une-canicule-record-menace-cinq-departements-francais\/\",\"url\":\"https:\/\/lesindomptables.online\/index.php\/2023\/08\/16\/alerte-orange-une-canicule-record-menace-cinq-departements-francais\/\",\"name\":\"Alerte orange : une canicule record menace cinq d\u00e9partements fran\u00e7ais. - Les indomptables\",\"isPartOf\":{\"@id\":\"https:\/\/lesindomptables.online\/#website\"},\"primaryImageOfPage\":{\"@id\":\"https:\/\/lesindomptables.online\/index.php\/2023\/08\/16\/alerte-orange-une-canicule-record-menace-cinq-departements-francais\/#primaryimage\"},\"image\":{\"@id\":\"https:\/\/lesindomptables.online\/index.php\/2023\/08\/16\/alerte-orange-une-canicule-record-menace-cinq-departements-francais\/#primaryimage\"},\"thumbnailUrl\":\"https:\/\/lesindomptables.online\/wp-content\/uploads\/2023\/08\/w1280-p16x9-2023-07-18T170510Z_691870369_RC2N52A0SBXR_RTRMADP_3_EUROPE-WEATHER-ITALY-1024x576.jpg\",\"datePublished\":\"2023-08-16T23:48:06+00:00\",\"breadcrumb\":{\"@id\":\"https:\/\/lesindomptables.online\/index.php\/2023\/08\/16\/alerte-orange-une-canicule-record-menace-cinq-departements-francais\/#breadcrumb\"},\"inLanguage\":\"fr-FR\",\"potentialAction\":[{\"@type\":\"ReadAction\",\"target\":[\"https:\/\/lesindomptables.online\/index.php\/2023\/08\/16\/alerte-orange-une-canicule-record-menace-cinq-departements-francais\/\"]}]},{\"@type\":\"ImageObject\",\"inLanguage\":\"fr-FR\",\"@id\":\"https:\/\/lesindomptables.online\/index.php\/2023\/08\/16\/alerte-orange-une-canicule-record-menace-cinq-departements-francais\/#primaryimage\",\"url\":\"https:\/\/lesindomptables.online\/wp-content\/uploads\/2023\/08\/w1280-p16x9-2023-07-18T170510Z_691870369_RC2N52A0SBXR_RTRMADP_3_EUROPE-WEATHER-ITALY-1024x576.jpg\",\"contentUrl\":\"https:\/\/lesindomptables.online\/wp-content\/uploads\/2023\/08\/w1280-p16x9-2023-07-18T170510Z_691870369_RC2N52A0SBXR_RTRMADP_3_EUROPE-WEATHER-ITALY-1024x576.jpg\"},{\"@type\":\"BreadcrumbList\",\"@id\":\"https:\/\/lesindomptables.online\/index.php\/2023\/08\/16\/alerte-orange-une-canicule-record-menace-cinq-departements-francais\/#breadcrumb\",\"itemListElement\":[{\"@type\":\"ListItem\",\"position\":1,\"name\":\"Accueil\",\"item\":\"https:\/\/lesindomptables.online\/\"},{\"@type\":\"ListItem\",\"position\":2,\"name\":\"Alerte orange : une canicule record menace cinq d\u00e9partements fran\u00e7ais.\"}]},{\"@type\":\"WebSite\",\"@id\":\"https:\/\/lesindomptables.online\/#website\",\"url\":\"https:\/\/lesindomptables.online\/\",\"name\":\"Les indomptables\",\"description\":\"Le Site des indomptables\",\"publisher\":{\"@id\":\"https:\/\/lesindomptables.online\/#organization\"},\"potentialAction\":[{\"@type\":\"SearchAction\",\"target\":{\"@type\":\"EntryPoint\",\"urlTemplate\":\"https:\/\/lesindomptables.online\/?s={search_term_string}\"},\"query-input\":{\"@type\":\"PropertyValueSpecification\",\"valueRequired\":true,\"valueName\":\"search_term_string\"}}],\"inLanguage\":\"fr-FR\"},{\"@type\":\"Organization\",\"@id\":\"https:\/\/lesindomptables.online\/#organization\",\"name\":\"Les indomptables\",\"url\":\"https:\/\/lesindomptables.online\/\",\"logo\":{\"@type\":\"ImageObject\",\"inLanguage\":\"fr-FR\",\"@id\":\"https:\/\/lesindomptables.online\/#\/schema\/logo\/image\/\",\"url\":\"https:\/\/lesindomptables.online\/wp-content\/uploads\/2023\/01\/cropped-logo_site-2.png\",\"contentUrl\":\"https:\/\/lesindomptables.online\/wp-content\/uploads\/2023\/01\/cropped-logo_site-2.png\",\"width\":249,\"height\":107,\"caption\":\"Les indomptables\"},\"image\":{\"@id\":\"https:\/\/lesindomptables.online\/#\/schema\/logo\/image\/\"}},{\"@type\":\"Person\",\"@id\":\"https:\/\/lesindomptables.online\/#\/schema\/person\/fcd0077a288d0152520fa4a2939fff2e\",\"name\":\"Bibiane Guetchop\",\"image\":{\"@type\":\"ImageObject\",\"inLanguage\":\"fr-FR\",\"@id\":\"https:\/\/lesindomptables.online\/#\/schema\/person\/image\/\",\"url\":\"https:\/\/secure.gravatar.com\/avatar\/34a8a5a27af14e43de613833b07219b2393a02425312db921b9dd592740a38cc?s=96&d=mm&r=g\",\"contentUrl\":\"https:\/\/secure.gravatar.com\/avatar\/34a8a5a27af14e43de613833b07219b2393a02425312db921b9dd592740a38cc?s=96&d=mm&r=g\",\"caption\":\"Bibiane Guetchop\"},\"sameAs\":[\"http:\/\/lesindomptables.online\"],\"url\":\"https:\/\/lesindomptables.online\/index.php\/author\/guetchop-bibiane\/\"}]}<\/script>\n<!-- \/ Yoast SEO plugin. -->","yoast_head_json":{"title":"Alerte orange : une canicule record menace cinq d\u00e9partements fran\u00e7ais. - Les indomptables","robots":{"index":"index","follow":"follow","max-snippet":"max-snippet:-1","max-image-preview":"max-image-preview:large","max-video-preview":"max-video-preview:-1"},"canonical":"https:\/\/lesindomptables.online\/index.php\/2023\/08\/16\/alerte-orange-une-canicule-record-menace-cinq-departements-francais\/","og_locale":"fr_FR","og_type":"article","og_title":"Alerte orange : une canicule record menace cinq d\u00e9partements fran\u00e7ais. - Les indomptables","og_description":"Une alerte orange m\u00e9t\u00e9orologique a \u00e9t\u00e9 d\u00e9clar\u00e9e dans cinq d\u00e9partements de la France \u00e0 l&rsquo;approche d&rsquo;une nouvelle vague","og_url":"https:\/\/lesindomptables.online\/index.php\/2023\/08\/16\/alerte-orange-une-canicule-record-menace-cinq-departements-francais\/","og_site_name":"Les indomptables","article_published_time":"2023-08-16T23:48:06+00:00","og_image":[{"url":"https:\/\/lesindomptables.online\/wp-content\/uploads\/2023\/08\/w1280-p16x9-2023-07-18T170510Z_691870369_RC2N52A0SBXR_RTRMADP_3_EUROPE-WEATHER-ITALY-1024x576.jpg","type":"","width":"","height":""}],"author":"Bibiane Guetchop","twitter_card":"summary_large_image","twitter_misc":{"\u00c9crit par":"Bibiane Guetchop","Dur\u00e9e de lecture estim\u00e9e":"3 minutes"},"schema":{"@context":"https:\/\/schema.org","@graph":[{"@type":"Article","@id":"https:\/\/lesindomptables.online\/index.php\/2023\/08\/16\/alerte-orange-une-canicule-record-menace-cinq-departements-francais\/#article","isPartOf":{"@id":"https:\/\/lesindomptables.online\/index.php\/2023\/08\/16\/alerte-orange-une-canicule-record-menace-cinq-departements-francais\/"},"author":{"name":"Bibiane Guetchop","@id":"https:\/\/lesindomptables.online\/#\/schema\/person\/fcd0077a288d0152520fa4a2939fff2e"},"headline":"Alerte orange : une canicule record menace cinq d\u00e9partements fran\u00e7ais.","datePublished":"2023-08-16T23:48:06+00:00","mainEntityOfPage":{"@id":"https:\/\/lesindomptables.online\/index.php\/2023\/08\/16\/alerte-orange-une-canicule-record-menace-cinq-departements-francais\/"},"wordCount":427,"commentCount":0,"publisher":{"@id":"https:\/\/lesindomptables.online\/#organization"},"image":{"@id":"https:\/\/lesindomptables.online\/index.php\/2023\/08\/16\/alerte-orange-une-canicule-record-menace-cinq-departements-francais\/#primaryimage"},"thumbnailUrl":"https:\/\/lesindomptables.online\/wp-content\/uploads\/2023\/08\/w1280-p16x9-2023-07-18T170510Z_691870369_RC2N52A0SBXR_RTRMADP_3_EUROPE-WEATHER-ITALY-1024x576.jpg","articleSection":["Europe","Soci\u00e9t\u00e9"],"inLanguage":"fr-FR","potentialAction":[{"@type":"CommentAction","name":"Comment","target":["https:\/\/lesindomptables.online\/index.php\/2023\/08\/16\/alerte-orange-une-canicule-record-menace-cinq-departements-francais\/#respond"]}]},{"@type":"WebPage","@id":"https:\/\/lesindomptables.online\/index.php\/2023\/08\/16\/alerte-orange-une-canicule-record-menace-cinq-departements-francais\/","url":"https:\/\/lesindomptables.online\/index.php\/2023\/08\/16\/alerte-orange-une-canicule-record-menace-cinq-departements-francais\/","name":"Alerte orange : une canicule record menace cinq d\u00e9partements fran\u00e7ais. - Les indomptables","isPartOf":{"@id":"https:\/\/lesindomptables.online\/#website"},"primaryImageOfPage":{"@id":"https:\/\/lesindomptables.online\/index.php\/2023\/08\/16\/alerte-orange-une-canicule-record-menace-cinq-departements-francais\/#primaryimage"},"image":{"@id":"https:\/\/lesindomptables.online\/index.php\/2023\/08\/16\/alerte-orange-une-canicule-record-menace-cinq-departements-francais\/#primaryimage"},"thumbnailUrl":"https:\/\/lesindomptables.online\/wp-content\/uploads\/2023\/08\/w1280-p16x9-2023-07-18T170510Z_691870369_RC2N52A0SBXR_RTRMADP_3_EUROPE-WEATHER-ITALY-1024x576.jpg","datePublished":"2023-08-16T23:48:06+00:00","breadcrumb":{"@id":"https:\/\/lesindomptables.online\/index.php\/2023\/08\/16\/alerte-orange-une-canicule-record-menace-cinq-departements-francais\/#breadcrumb"},"inLanguage":"fr-FR","potentialAction":[{"@type":"ReadAction","target":["https:\/\/lesindomptables.online\/index.php\/2023\/08\/16\/alerte-orange-une-canicule-record-menace-cinq-departements-francais\/"]}]},{"@type":"ImageObject","inLanguage":"fr-FR","@id":"https:\/\/lesindomptables.online\/index.php\/2023\/08\/16\/alerte-orange-une-canicule-record-menace-cinq-departements-francais\/#primaryimage","url":"https:\/\/lesindomptables.online\/wp-content\/uploads\/2023\/08\/w1280-p16x9-2023-07-18T170510Z_691870369_RC2N52A0SBXR_RTRMADP_3_EUROPE-WEATHER-ITALY-1024x576.jpg","contentUrl":"https:\/\/lesindomptables.online\/wp-content\/uploads\/2023\/08\/w1280-p16x9-2023-07-18T170510Z_691870369_RC2N52A0SBXR_RTRMADP_3_EUROPE-WEATHER-ITALY-1024x576.jpg"},{"@type":"BreadcrumbList","@id":"https:\/\/lesindomptables.online\/index.php\/2023\/08\/16\/alerte-orange-une-canicule-record-menace-cinq-departements-francais\/#breadcrumb","itemListElement":[{"@type":"ListItem","position":1,"name":"Accueil","item":"https:\/\/lesindomptables.online\/"},{"@type":"ListItem","position":2,"name":"Alerte orange : une canicule record menace cinq d\u00e9partements fran\u00e7ais."}]},{"@type":"WebSite","@id":"https:\/\/lesindomptables.online\/#website","url":"https:\/\/lesindomptables.online\/","name":"Les indomptables","description":"Le Site des indomptables","publisher":{"@id":"https:\/\/lesindomptables.online\/#organization"},"potentialAction":[{"@type":"SearchAction","target":{"@type":"EntryPoint","urlTemplate":"https:\/\/lesindomptables.online\/?s={search_term_string}"},"query-input":{"@type":"PropertyValueSpecification","valueRequired":true,"valueName":"search_term_string"}}],"inLanguage":"fr-FR"},{"@type":"Organization","@id":"https:\/\/lesindomptables.online\/#organization","name":"Les indomptables","url":"https:\/\/lesindomptables.online\/","logo":{"@type":"ImageObject","inLanguage":"fr-FR","@id":"https:\/\/lesindomptables.online\/#\/schema\/logo\/image\/","url":"https:\/\/lesindomptables.online\/wp-content\/uploads\/2023\/01\/cropped-logo_site-2.png","contentUrl":"https:\/\/lesindomptables.online\/wp-content\/uploads\/2023\/01\/cropped-logo_site-2.png","width":249,"height":107,"caption":"Les indomptables"},"image":{"@id":"https:\/\/lesindomptables.online\/#\/schema\/logo\/image\/"}},{"@type":"Person","@id":"https:\/\/lesindomptables.online\/#\/schema\/person\/fcd0077a288d0152520fa4a2939fff2e","name":"Bibiane Guetchop","image":{"@type":"ImageObject","inLanguage":"fr-FR","@id":"https:\/\/lesindomptables.online\/#\/schema\/person\/image\/","url":"https:\/\/secure.gravatar.com\/avatar\/34a8a5a27af14e43de613833b07219b2393a02425312db921b9dd592740a38cc?s=96&d=mm&r=g","contentUrl":"https:\/\/secure.gravatar.com\/avatar\/34a8a5a27af14e43de613833b07219b2393a02425312db921b9dd592740a38cc?s=96&d=mm&r=g","caption":"Bibiane Guetchop"},"sameAs":["http:\/\/lesindomptables.online"],"url":"https:\/\/lesindomptables.online\/index.php\/author\/guetchop-bibiane\/"}]}},"featured_image_urls":{"full":"","thumbnail":"","medium":"","medium_large":"","large":"","1536x1536":"","2048x2048":"","morenews-featured":"","morenews-large":"","morenews-medium":"","woocommerce_thumbnail":"","woocommerce_single":"","woocommerce_gallery_thumbnail":""},"author_info":{"display_name":"Bibiane Guetchop","author_link":"https:\/\/lesindomptables.online\/index.php\/author\/guetchop-bibiane\/"},"category_info":"<a href=\"https:\/\/lesindomptables.online\/index.php\/category\/europe\/\" rel=\"category tag\">Europe<\/a> <a href=\"https:\/\/lesindomptables.online\/index.php\/category\/societe\/\" rel=\"category tag\">Soci\u00e9t\u00e9<\/a>","tag_info":"Soci\u00e9t\u00e9","comment_count":"0","_links":{"self":[{"href":"https:\/\/lesindomptables.online\/index.php\/wp-json\/wp\/v2\/posts\/1645","targetHints":{"allow":["GET"]}}],"collection":[{"href":"https:\/\/lesindomptables.online\/index.php\/wp-json\/wp\/v2\/posts"}],"about":[{"href":"https:\/\/lesindomptables.online\/index.php\/wp-json\/wp\/v2\/types\/post"}],"author":[{"embeddable":true,"href":"https:\/\/lesindomptables.online\/index.php\/wp-json\/wp\/v2\/users\/8"}],"replies":[{"embeddable":true,"href":"https:\/\/lesindomptables.online\/index.php\/wp-json\/wp\/v2\/comments?post=1645"}],"version-history":[{"count":1,"href":"https:\/\/lesindomptables.online\/index.php\/wp-json\/wp\/v2\/posts\/1645\/revisions"}],"predecessor-version":[{"id":1647,"href":"https:\/\/lesindomptables.online\/index.php\/wp-json\/wp\/v2\/posts\/1645\/revisions\/1647"}],"wp:attachment":[{"href":"https:\/\/lesindomptables.online\/index.php\/wp-json\/wp\/v2\/media?parent=1645"}],"wp:term":[{"taxonomy":"category","embeddable":true,"href":"https:\/\/lesindomptables.online\/index.php\/wp-json\/wp\/v2\/categories?post=1645"},{"taxonomy":"post_tag","embeddable":true,"href":"https:\/\/lesindomptables.online\/index.php\/wp-json\/wp\/v2\/tags?post=1645"}],"curies":[{"name":"wp","href":"https:\/\/api.w.org\/{rel}","templated":true}]}}