{"id":1805,"date":"2023-09-09T07:46:51","date_gmt":"2023-09-09T07:46:51","guid":{"rendered":"https:\/\/lesindomptables.online\/?p=1805"},"modified":"2023-09-09T10:46:23","modified_gmt":"2023-09-09T10:46:23","slug":"seisme-meurtrier-secoue-le-maroc-820-morts-et-672-blesses","status":"publish","type":"post","link":"https:\/\/lesindomptables.online\/index.php\/2023\/09\/09\/seisme-meurtrier-secoue-le-maroc-820-morts-et-672-blesses\/","title":{"rendered":"S\u00e9isme meurtrier secoue le Maroc : 820 morts et 672 bless\u00e9s"},"content":{"rendered":"\n<p><\/p>\n\n\n\n<p><\/p>\n\n\n\n<figure class=\"wp-block-image size-full\"><img fetchpriority=\"high\" decoding=\"async\" width=\"1000\" height=\"500\" src=\"https:\/\/lesindomptables.online\/wp-content\/uploads\/2023\/09\/20230909064520-23334912.jpg\" alt=\"\" class=\"wp-image-1806\" srcset=\"https:\/\/lesindomptables.online\/wp-content\/uploads\/2023\/09\/20230909064520-23334912.jpg 1000w, https:\/\/lesindomptables.online\/wp-content\/uploads\/2023\/09\/20230909064520-23334912-300x150.jpg 300w, https:\/\/lesindomptables.online\/wp-content\/uploads\/2023\/09\/20230909064520-23334912-768x384.jpg 768w, https:\/\/lesindomptables.online\/wp-content\/uploads\/2023\/09\/20230909064520-23334912-600x300.jpg 600w\" sizes=\"(max-width: 1000px) 100vw, 1000px\" \/><figcaption class=\"wp-element-caption\">Les habitants restent \u00e0 l&rsquo;ext\u00e9rieur sur une place apr\u00e8s un tremblement de terre \u00e0 Marrakech le 9 septembre 2023.<\/figcaption><\/figure>\n\n\n\n<p><em>Rabat, le 9 septembre 2023<\/em> &#8211; Un puissant s\u00e9isme d&rsquo;une magnitude de 7 a frapp\u00e9 le Maroc dans la nuit du vendredi 8 au samedi 9 septembre, causant des ravages d\u00e9vastateurs dans plusieurs provinces et communes du pays. Selon les donn\u00e9es pr\u00e9liminaires du minist\u00e8re de l&rsquo;Int\u00e9rieur, le s\u00e9isme a touch\u00e9 principalement les provinces et communes d&rsquo;Al-Haouz, Marrakech, Ouarzazate, Azilal, Chichaoua et Taroudant.<\/p>\n\n\n\n<p>L&rsquo;\u00e9picentre de cette catastrophe naturelle a \u00e9t\u00e9 localis\u00e9 pr\u00e8s d&rsquo;Ighil, dans la province d&rsquo;Al-Haouz, avec un foyer \u00e0 une profondeur de 8 kilom\u00e8tres sous la surface. Les cons\u00e9quences de ce tremblement de terre ont \u00e9t\u00e9 tragiques, avec un bilan qui ne cesse de s&rsquo;alourdir. Selon les derni\u00e8res informations relay\u00e9es par le site d&rsquo;information Medias24, qui cite le minist\u00e8re de l&rsquo;Int\u00e9rieur, le nombre de victimes s&rsquo;\u00e9l\u00e8ve \u00e0 820 morts et 672 bless\u00e9s.<\/p>\n\n\n\n<p>La cha\u00eene de t\u00e9l\u00e9vision publique marocaine Al Aoula a confirm\u00e9 ces chiffres alarmants, soulignant la gravit\u00e9 de la situation. Le Centre national pour la recherche scientifique et technique (CNRST), bas\u00e9 \u00e0 Rabat, a \u00e9galement fourni des informations cruciales sur la magnitude et la localisation du s\u00e9isme. Cette catastrophe a plong\u00e9 tout le pays dans une profonde tristesse et un \u00e9tat de choc.<\/p>\n\n\n\n<p>Des t\u00e9moignages poignants \u00e9manent de toute la r\u00e9gion touch\u00e9e. Bella Nama Juliana, r\u00e9sidente de la ville de Sal\u00e9, au nord de Rabat, a d\u00e9crit l&rsquo;horreur de la secousse : \u00ab\u00a0Vers 23 heures, on a senti une secousse tr\u00e8s violente, j&rsquo;ai compris que c&rsquo;\u00e9tait un tremblement de terre. Je sentais notre lit qui bougeait, puis la fen\u00eatre. Je suis sorti avec mon papa, nous avons trouv\u00e9 dehors tous les habitants du quartier, qui fuyaient leur immeuble. Les gens \u00e9taient tous sous le choc et en panique. Les enfants pleuraient, les parents \u00e9taient d\u00e9sempar\u00e9s.\u00a0\u00bb<\/p>\n\n\n\n<p>Le s\u00e9isme a \u00e9galement eu des r\u00e9percussions en Alg\u00e9rie voisine, o\u00f9 des secousses ont \u00e9t\u00e9 ressenties dans plusieurs provinces de l&rsquo;ouest. Cependant, la d\u00e9fense civile alg\u00e9rienne a rassur\u00e9 la population en pr\u00e9cisant qu&rsquo;il n&rsquo;y avait pas eu de d\u00e9g\u00e2ts ni de victimes de l&rsquo;autre c\u00f4t\u00e9 de la fronti\u00e8re.<\/p>\n\n\n\n<p>Cette trag\u00e9die rappelle les pr\u00e9c\u00e9dents s\u00e9ismes meurtriers qui ont frapp\u00e9 le Maroc. En 2004, un s\u00e9isme de 6,3 degr\u00e9s sur l&rsquo;\u00e9chelle de Richter avait secou\u00e9 la province d&rsquo;Al-Hoceima, faisant 628 morts et causant d&rsquo;importants d\u00e9g\u00e2ts mat\u00e9riels. De plus, en 1960, un tremblement de terre avait d\u00e9vast\u00e9 Agadir, sur la c\u00f4te ouest du pays, faisant plus de 12 000 morts, soit un tiers de la population de la ville.<\/p>\n\n\n\n<p>Les autorit\u00e9s marocaines ont rapidement mobilis\u00e9 des \u00e9quipes de secours et des moyens pour venir en aide aux victimes et coordonner les op\u00e9rations de secours. Les efforts sont en cours pour \u00e9valuer l&rsquo;ampleur des d\u00e9g\u00e2ts et apporter une assistance aux personnes touch\u00e9es par cette catastrophe.<\/p>\n\n\n\n<p>Le Maroc, endeuill\u00e9 par cette trag\u00e9die, fait face \u00e0 une p\u00e9riode de deuil g\u00e9n\u00e9ralis\u00e9, et la solidarit\u00e9 de la communaut\u00e9 internationale se fait d\u00e9j\u00e0 sentir, avec de nombreuse mot de leaders internationaux ,qui ont manifest\u00e9 leur  soutien via le r\u00e9seau sociale X .<\/p>\n\n\n\n<p><em>Notre pens\u00e9e va aux victimes et \u00e0 leurs familles, en esp\u00e9rant que les secours parviendront rapidement \u00e0 soulager les souffrances caus\u00e9es par cette terrible catastrophe.<\/em><\/p>\n\n\n\n<hr class=\"wp-block-separator has-alpha-channel-opacity\"\/>\n\n\n\n<p><em>Note : Cet article est bas\u00e9 sur des donn\u00e9es pr\u00e9liminaires et peut \u00eatre sujet \u00e0 des mises \u00e0 jour ult\u00e9rieures pour refl\u00e9ter les d\u00e9veloppements les plus r\u00e9cents de la situation.<\/em><\/p>\n","protected":false},"excerpt":{"rendered":"<p>Rabat, le 9 septembre 2023 &#8211; Un puissant s\u00e9isme d&rsquo;une magnitude de 7 a frapp\u00e9 le Maroc dans<\/p>\n","protected":false},"author":2,"featured_media":0,"comment_status":"open","ping_status":"open","sticky":false,"template":"","format":"standard","meta":{"om_disable_all_campaigns":false,"_monsterinsights_skip_tracking":false,"_monsterinsights_sitenote_active":false,"_monsterinsights_sitenote_note":"","_monsterinsights_sitenote_category":0,"_uf_show_specific_survey":0,"_uf_disable_surveys":false,"footnotes":""},"categories":[4],"tags":[589],"class_list":["post-1805","post","type-post","status-publish","format-standard","hentry","category-afrique","tag-seisme-maroc"],"yoast_head":"<!-- This site is optimized with the Yoast SEO plugin v26.5 - https:\/\/yoast.com\/wordpress\/plugins\/seo\/ -->\n<title>S\u00e9isme meurtrier secoue le Maroc : 820 morts et 672 bless\u00e9s - Les indomptables<\/title>\n<meta name=\"robots\" content=\"index, follow, max-snippet:-1, max-image-preview:large, max-video-preview:-1\" \/>\n<link rel=\"canonical\" href=\"https:\/\/lesindomptables.online\/index.php\/2023\/09\/09\/seisme-meurtrier-secoue-le-maroc-820-morts-et-672-blesses\/\" \/>\n<meta property=\"og:locale\" content=\"fr_FR\" \/>\n<meta property=\"og:type\" content=\"article\" \/>\n<meta property=\"og:title\" content=\"S\u00e9isme meurtrier secoue le Maroc : 820 morts et 672 bless\u00e9s - Les indomptables\" \/>\n<meta property=\"og:description\" content=\"Rabat, le 9 septembre 2023 &#8211; Un puissant s\u00e9isme d&rsquo;une magnitude de 7 a frapp\u00e9 le Maroc dans\" \/>\n<meta property=\"og:url\" content=\"https:\/\/lesindomptables.online\/index.php\/2023\/09\/09\/seisme-meurtrier-secoue-le-maroc-820-morts-et-672-blesses\/\" \/>\n<meta property=\"og:site_name\" content=\"Les indomptables\" \/>\n<meta property=\"article:author\" content=\"https:\/\/www.facebook.com\/diasporalion\/\" \/>\n<meta property=\"article:published_time\" content=\"2023-09-09T07:46:51+00:00\" \/>\n<meta property=\"article:modified_time\" content=\"2023-09-09T10:46:23+00:00\" \/>\n<meta property=\"og:image\" content=\"https:\/\/lesindomptables.online\/wp-content\/uploads\/2023\/09\/20230909064520-23334912.jpg\" \/>\n<meta name=\"author\" content=\"Franck Nama\" \/>\n<meta name=\"twitter:card\" content=\"summary_large_image\" \/>\n<meta name=\"twitter:label1\" content=\"\u00c9crit par\" \/>\n\t<meta name=\"twitter:data1\" content=\"Franck Nama\" \/>\n\t<meta name=\"twitter:label2\" content=\"Dur\u00e9e de lecture estim\u00e9e\" \/>\n\t<meta name=\"twitter:data2\" content=\"4 minutes\" \/>\n<script type=\"application\/ld+json\" class=\"yoast-schema-graph\">{\"@context\":\"https:\/\/schema.org\",\"@graph\":[{\"@type\":\"Article\",\"@id\":\"https:\/\/lesindomptables.online\/index.php\/2023\/09\/09\/seisme-meurtrier-secoue-le-maroc-820-morts-et-672-blesses\/#article\",\"isPartOf\":{\"@id\":\"https:\/\/lesindomptables.online\/index.php\/2023\/09\/09\/seisme-meurtrier-secoue-le-maroc-820-morts-et-672-blesses\/\"},\"author\":{\"name\":\"Franck Nama\",\"@id\":\"https:\/\/lesindomptables.online\/#\/schema\/person\/b65612aa14047e0ff6f0c9af0e0fe9e8\"},\"headline\":\"S\u00e9isme meurtrier secoue le Maroc : 820 morts et 672 bless\u00e9s\",\"datePublished\":\"2023-09-09T07:46:51+00:00\",\"dateModified\":\"2023-09-09T10:46:23+00:00\",\"mainEntityOfPage\":{\"@id\":\"https:\/\/lesindomptables.online\/index.php\/2023\/09\/09\/seisme-meurtrier-secoue-le-maroc-820-morts-et-672-blesses\/\"},\"wordCount\":639,\"commentCount\":0,\"publisher\":{\"@id\":\"https:\/\/lesindomptables.online\/#organization\"},\"image\":{\"@id\":\"https:\/\/lesindomptables.online\/index.php\/2023\/09\/09\/seisme-meurtrier-secoue-le-maroc-820-morts-et-672-blesses\/#primaryimage\"},\"thumbnailUrl\":\"https:\/\/lesindomptables.online\/wp-content\/uploads\/2023\/09\/20230909064520-23334912.jpg\",\"keywords\":[\"seisme maroc\"],\"articleSection\":[\"Afrique\"],\"inLanguage\":\"fr-FR\",\"potentialAction\":[{\"@type\":\"CommentAction\",\"name\":\"Comment\",\"target\":[\"https:\/\/lesindomptables.online\/index.php\/2023\/09\/09\/seisme-meurtrier-secoue-le-maroc-820-morts-et-672-blesses\/#respond\"]}]},{\"@type\":\"WebPage\",\"@id\":\"https:\/\/lesindomptables.online\/index.php\/2023\/09\/09\/seisme-meurtrier-secoue-le-maroc-820-morts-et-672-blesses\/\",\"url\":\"https:\/\/lesindomptables.online\/index.php\/2023\/09\/09\/seisme-meurtrier-secoue-le-maroc-820-morts-et-672-blesses\/\",\"name\":\"S\u00e9isme meurtrier secoue le Maroc : 820 morts et 672 bless\u00e9s - Les indomptables\",\"isPartOf\":{\"@id\":\"https:\/\/lesindomptables.online\/#website\"},\"primaryImageOfPage\":{\"@id\":\"https:\/\/lesindomptables.online\/index.php\/2023\/09\/09\/seisme-meurtrier-secoue-le-maroc-820-morts-et-672-blesses\/#primaryimage\"},\"image\":{\"@id\":\"https:\/\/lesindomptables.online\/index.php\/2023\/09\/09\/seisme-meurtrier-secoue-le-maroc-820-morts-et-672-blesses\/#primaryimage\"},\"thumbnailUrl\":\"https:\/\/lesindomptables.online\/wp-content\/uploads\/2023\/09\/20230909064520-23334912.jpg\",\"datePublished\":\"2023-09-09T07:46:51+00:00\",\"dateModified\":\"2023-09-09T10:46:23+00:00\",\"breadcrumb\":{\"@id\":\"https:\/\/lesindomptables.online\/index.php\/2023\/09\/09\/seisme-meurtrier-secoue-le-maroc-820-morts-et-672-blesses\/#breadcrumb\"},\"inLanguage\":\"fr-FR\",\"potentialAction\":[{\"@type\":\"ReadAction\",\"target\":[\"https:\/\/lesindomptables.online\/index.php\/2023\/09\/09\/seisme-meurtrier-secoue-le-maroc-820-morts-et-672-blesses\/\"]}]},{\"@type\":\"ImageObject\",\"inLanguage\":\"fr-FR\",\"@id\":\"https:\/\/lesindomptables.online\/index.php\/2023\/09\/09\/seisme-meurtrier-secoue-le-maroc-820-morts-et-672-blesses\/#primaryimage\",\"url\":\"https:\/\/lesindomptables.online\/wp-content\/uploads\/2023\/09\/20230909064520-23334912.jpg\",\"contentUrl\":\"https:\/\/lesindomptables.online\/wp-content\/uploads\/2023\/09\/20230909064520-23334912.jpg\"},{\"@type\":\"BreadcrumbList\",\"@id\":\"https:\/\/lesindomptables.online\/index.php\/2023\/09\/09\/seisme-meurtrier-secoue-le-maroc-820-morts-et-672-blesses\/#breadcrumb\",\"itemListElement\":[{\"@type\":\"ListItem\",\"position\":1,\"name\":\"Accueil\",\"item\":\"https:\/\/lesindomptables.online\/\"},{\"@type\":\"ListItem\",\"position\":2,\"name\":\"S\u00e9isme meurtrier secoue le Maroc : 820 morts et 672 bless\u00e9s\"}]},{\"@type\":\"WebSite\",\"@id\":\"https:\/\/lesindomptables.online\/#website\",\"url\":\"https:\/\/lesindomptables.online\/\",\"name\":\"Les indomptables\",\"description\":\"Le Site des indomptables\",\"publisher\":{\"@id\":\"https:\/\/lesindomptables.online\/#organization\"},\"potentialAction\":[{\"@type\":\"SearchAction\",\"target\":{\"@type\":\"EntryPoint\",\"urlTemplate\":\"https:\/\/lesindomptables.online\/?s={search_term_string}\"},\"query-input\":{\"@type\":\"PropertyValueSpecification\",\"valueRequired\":true,\"valueName\":\"search_term_string\"}}],\"inLanguage\":\"fr-FR\"},{\"@type\":\"Organization\",\"@id\":\"https:\/\/lesindomptables.online\/#organization\",\"name\":\"Les indomptables\",\"url\":\"https:\/\/lesindomptables.online\/\",\"logo\":{\"@type\":\"ImageObject\",\"inLanguage\":\"fr-FR\",\"@id\":\"https:\/\/lesindomptables.online\/#\/schema\/logo\/image\/\",\"url\":\"https:\/\/lesindomptables.online\/wp-content\/uploads\/2023\/01\/cropped-logo_site-2.png\",\"contentUrl\":\"https:\/\/lesindomptables.online\/wp-content\/uploads\/2023\/01\/cropped-logo_site-2.png\",\"width\":249,\"height\":107,\"caption\":\"Les indomptables\"},\"image\":{\"@id\":\"https:\/\/lesindomptables.online\/#\/schema\/logo\/image\/\"}},{\"@type\":\"Person\",\"@id\":\"https:\/\/lesindomptables.online\/#\/schema\/person\/b65612aa14047e0ff6f0c9af0e0fe9e8\",\"name\":\"Franck Nama\",\"image\":{\"@type\":\"ImageObject\",\"inLanguage\":\"fr-FR\",\"@id\":\"https:\/\/lesindomptables.online\/#\/schema\/person\/image\/\",\"url\":\"https:\/\/secure.gravatar.com\/avatar\/86b5dfb356204adbf4ea184860ca163fe8c86fc8ca2dab9eda7603b9432462a7?s=96&d=mm&r=g\",\"contentUrl\":\"https:\/\/secure.gravatar.com\/avatar\/86b5dfb356204adbf4ea184860ca163fe8c86fc8ca2dab9eda7603b9432462a7?s=96&d=mm&r=g\",\"caption\":\"Franck Nama\"},\"sameAs\":[\"http:\/\/lesindomptables.online\",\"https:\/\/www.facebook.com\/diasporalion\/\",\"https:\/\/www.youtube.com\/@lesindomptables2919\/videos\"],\"url\":\"https:\/\/lesindomptables.online\/index.php\/author\/nama\/\"}]}<\/script>\n<!-- \/ Yoast SEO plugin. -->","yoast_head_json":{"title":"S\u00e9isme meurtrier secoue le Maroc : 820 morts et 672 bless\u00e9s - Les indomptables","robots":{"index":"index","follow":"follow","max-snippet":"max-snippet:-1","max-image-preview":"max-image-preview:large","max-video-preview":"max-video-preview:-1"},"canonical":"https:\/\/lesindomptables.online\/index.php\/2023\/09\/09\/seisme-meurtrier-secoue-le-maroc-820-morts-et-672-blesses\/","og_locale":"fr_FR","og_type":"article","og_title":"S\u00e9isme meurtrier secoue le Maroc : 820 morts et 672 bless\u00e9s - Les indomptables","og_description":"Rabat, le 9 septembre 2023 &#8211; Un puissant s\u00e9isme d&rsquo;une magnitude de 7 a frapp\u00e9 le Maroc dans","og_url":"https:\/\/lesindomptables.online\/index.php\/2023\/09\/09\/seisme-meurtrier-secoue-le-maroc-820-morts-et-672-blesses\/","og_site_name":"Les indomptables","article_author":"https:\/\/www.facebook.com\/diasporalion\/","article_published_time":"2023-09-09T07:46:51+00:00","article_modified_time":"2023-09-09T10:46:23+00:00","og_image":[{"url":"https:\/\/lesindomptables.online\/wp-content\/uploads\/2023\/09\/20230909064520-23334912.jpg","type":"","width":"","height":""}],"author":"Franck Nama","twitter_card":"summary_large_image","twitter_misc":{"\u00c9crit par":"Franck Nama","Dur\u00e9e de lecture estim\u00e9e":"4 minutes"},"schema":{"@context":"https:\/\/schema.org","@graph":[{"@type":"Article","@id":"https:\/\/lesindomptables.online\/index.php\/2023\/09\/09\/seisme-meurtrier-secoue-le-maroc-820-morts-et-672-blesses\/#article","isPartOf":{"@id":"https:\/\/lesindomptables.online\/index.php\/2023\/09\/09\/seisme-meurtrier-secoue-le-maroc-820-morts-et-672-blesses\/"},"author":{"name":"Franck Nama","@id":"https:\/\/lesindomptables.online\/#\/schema\/person\/b65612aa14047e0ff6f0c9af0e0fe9e8"},"headline":"S\u00e9isme meurtrier secoue le Maroc : 820 morts et 672 bless\u00e9s","datePublished":"2023-09-09T07:46:51+00:00","dateModified":"2023-09-09T10:46:23+00:00","mainEntityOfPage":{"@id":"https:\/\/lesindomptables.online\/index.php\/2023\/09\/09\/seisme-meurtrier-secoue-le-maroc-820-morts-et-672-blesses\/"},"wordCount":639,"commentCount":0,"publisher":{"@id":"https:\/\/lesindomptables.online\/#organization"},"image":{"@id":"https:\/\/lesindomptables.online\/index.php\/2023\/09\/09\/seisme-meurtrier-secoue-le-maroc-820-morts-et-672-blesses\/#primaryimage"},"thumbnailUrl":"https:\/\/lesindomptables.online\/wp-content\/uploads\/2023\/09\/20230909064520-23334912.jpg","keywords":["seisme maroc"],"articleSection":["Afrique"],"inLanguage":"fr-FR","potentialAction":[{"@type":"CommentAction","name":"Comment","target":["https:\/\/lesindomptables.online\/index.php\/2023\/09\/09\/seisme-meurtrier-secoue-le-maroc-820-morts-et-672-blesses\/#respond"]}]},{"@type":"WebPage","@id":"https:\/\/lesindomptables.online\/index.php\/2023\/09\/09\/seisme-meurtrier-secoue-le-maroc-820-morts-et-672-blesses\/","url":"https:\/\/lesindomptables.online\/index.php\/2023\/09\/09\/seisme-meurtrier-secoue-le-maroc-820-morts-et-672-blesses\/","name":"S\u00e9isme meurtrier secoue le Maroc : 820 morts et 672 bless\u00e9s - Les indomptables","isPartOf":{"@id":"https:\/\/lesindomptables.online\/#website"},"primaryImageOfPage":{"@id":"https:\/\/lesindomptables.online\/index.php\/2023\/09\/09\/seisme-meurtrier-secoue-le-maroc-820-morts-et-672-blesses\/#primaryimage"},"image":{"@id":"https:\/\/lesindomptables.online\/index.php\/2023\/09\/09\/seisme-meurtrier-secoue-le-maroc-820-morts-et-672-blesses\/#primaryimage"},"thumbnailUrl":"https:\/\/lesindomptables.online\/wp-content\/uploads\/2023\/09\/20230909064520-23334912.jpg","datePublished":"2023-09-09T07:46:51+00:00","dateModified":"2023-09-09T10:46:23+00:00","breadcrumb":{"@id":"https:\/\/lesindomptables.online\/index.php\/2023\/09\/09\/seisme-meurtrier-secoue-le-maroc-820-morts-et-672-blesses\/#breadcrumb"},"inLanguage":"fr-FR","potentialAction":[{"@type":"ReadAction","target":["https:\/\/lesindomptables.online\/index.php\/2023\/09\/09\/seisme-meurtrier-secoue-le-maroc-820-morts-et-672-blesses\/"]}]},{"@type":"ImageObject","inLanguage":"fr-FR","@id":"https:\/\/lesindomptables.online\/index.php\/2023\/09\/09\/seisme-meurtrier-secoue-le-maroc-820-morts-et-672-blesses\/#primaryimage","url":"https:\/\/lesindomptables.online\/wp-content\/uploads\/2023\/09\/20230909064520-23334912.jpg","contentUrl":"https:\/\/lesindomptables.online\/wp-content\/uploads\/2023\/09\/20230909064520-23334912.jpg"},{"@type":"BreadcrumbList","@id":"https:\/\/lesindomptables.online\/index.php\/2023\/09\/09\/seisme-meurtrier-secoue-le-maroc-820-morts-et-672-blesses\/#breadcrumb","itemListElement":[{"@type":"ListItem","position":1,"name":"Accueil","item":"https:\/\/lesindomptables.online\/"},{"@type":"ListItem","position":2,"name":"S\u00e9isme meurtrier secoue le Maroc : 820 morts et 672 bless\u00e9s"}]},{"@type":"WebSite","@id":"https:\/\/lesindomptables.online\/#website","url":"https:\/\/lesindomptables.online\/","name":"Les indomptables","description":"Le Site des indomptables","publisher":{"@id":"https:\/\/lesindomptables.online\/#organization"},"potentialAction":[{"@type":"SearchAction","target":{"@type":"EntryPoint","urlTemplate":"https:\/\/lesindomptables.online\/?s={search_term_string}"},"query-input":{"@type":"PropertyValueSpecification","valueRequired":true,"valueName":"search_term_string"}}],"inLanguage":"fr-FR"},{"@type":"Organization","@id":"https:\/\/lesindomptables.online\/#organization","name":"Les indomptables","url":"https:\/\/lesindomptables.online\/","logo":{"@type":"ImageObject","inLanguage":"fr-FR","@id":"https:\/\/lesindomptables.online\/#\/schema\/logo\/image\/","url":"https:\/\/lesindomptables.online\/wp-content\/uploads\/2023\/01\/cropped-logo_site-2.png","contentUrl":"https:\/\/lesindomptables.online\/wp-content\/uploads\/2023\/01\/cropped-logo_site-2.png","width":249,"height":107,"caption":"Les indomptables"},"image":{"@id":"https:\/\/lesindomptables.online\/#\/schema\/logo\/image\/"}},{"@type":"Person","@id":"https:\/\/lesindomptables.online\/#\/schema\/person\/b65612aa14047e0ff6f0c9af0e0fe9e8","name":"Franck Nama","image":{"@type":"ImageObject","inLanguage":"fr-FR","@id":"https:\/\/lesindomptables.online\/#\/schema\/person\/image\/","url":"https:\/\/secure.gravatar.com\/avatar\/86b5dfb356204adbf4ea184860ca163fe8c86fc8ca2dab9eda7603b9432462a7?s=96&d=mm&r=g","contentUrl":"https:\/\/secure.gravatar.com\/avatar\/86b5dfb356204adbf4ea184860ca163fe8c86fc8ca2dab9eda7603b9432462a7?s=96&d=mm&r=g","caption":"Franck Nama"},"sameAs":["http:\/\/lesindomptables.online","https:\/\/www.facebook.com\/diasporalion\/","https:\/\/www.youtube.com\/@lesindomptables2919\/videos"],"url":"https:\/\/lesindomptables.online\/index.php\/author\/nama\/"}]}},"featured_image_urls":{"full":"","thumbnail":"","medium":"","medium_large":"","large":"","1536x1536":"","2048x2048":"","morenews-featured":"","morenews-large":"","morenews-medium":"","woocommerce_thumbnail":"","woocommerce_single":"","woocommerce_gallery_thumbnail":""},"author_info":{"display_name":"Franck Nama","author_link":"https:\/\/lesindomptables.online\/index.php\/author\/nama\/"},"category_info":"<a href=\"https:\/\/lesindomptables.online\/index.php\/category\/afrique\/\" rel=\"category tag\">Afrique<\/a>","tag_info":"Afrique","comment_count":"0","_links":{"self":[{"href":"https:\/\/lesindomptables.online\/index.php\/wp-json\/wp\/v2\/posts\/1805","targetHints":{"allow":["GET"]}}],"collection":[{"href":"https:\/\/lesindomptables.online\/index.php\/wp-json\/wp\/v2\/posts"}],"about":[{"href":"https:\/\/lesindomptables.online\/index.php\/wp-json\/wp\/v2\/types\/post"}],"author":[{"embeddable":true,"href":"https:\/\/lesindomptables.online\/index.php\/wp-json\/wp\/v2\/users\/2"}],"replies":[{"embeddable":true,"href":"https:\/\/lesindomptables.online\/index.php\/wp-json\/wp\/v2\/comments?post=1805"}],"version-history":[{"count":2,"href":"https:\/\/lesindomptables.online\/index.php\/wp-json\/wp\/v2\/posts\/1805\/revisions"}],"predecessor-version":[{"id":1809,"href":"https:\/\/lesindomptables.online\/index.php\/wp-json\/wp\/v2\/posts\/1805\/revisions\/1809"}],"wp:attachment":[{"href":"https:\/\/lesindomptables.online\/index.php\/wp-json\/wp\/v2\/media?parent=1805"}],"wp:term":[{"taxonomy":"category","embeddable":true,"href":"https:\/\/lesindomptables.online\/index.php\/wp-json\/wp\/v2\/categories?post=1805"},{"taxonomy":"post_tag","embeddable":true,"href":"https:\/\/lesindomptables.online\/index.php\/wp-json\/wp\/v2\/tags?post=1805"}],"curies":[{"name":"wp","href":"https:\/\/api.w.org\/{rel}","templated":true}]}}