{"id":2120,"date":"2024-04-04T02:56:21","date_gmt":"2024-04-04T02:56:21","guid":{"rendered":"https:\/\/lesindomptables.online\/?p=2120"},"modified":"2024-04-04T02:56:22","modified_gmt":"2024-04-04T02:56:22","slug":"perquisitions-a-la-mairie-du-havre-une-enquete-vise-edouard-philippe-et-son-adjointe","status":"publish","type":"post","link":"https:\/\/lesindomptables.online\/index.php\/2024\/04\/04\/perquisitions-a-la-mairie-du-havre-une-enquete-vise-edouard-philippe-et-son-adjointe\/","title":{"rendered":"Perquisitions \u00e0 la Mairie du Havre : Une Enqu\u00eate Vise Edouard Philippe et Son Adjointe."},"content":{"rendered":"\n<p><\/p>\n\n\n\n<figure class=\"wp-block-image size-large\"><img fetchpriority=\"high\" decoding=\"async\" width=\"1024\" height=\"581\" src=\"https:\/\/lesindomptables.online\/wp-content\/uploads\/2024\/04\/f9404c10feac7646047f5dff0b2d3d01a3e82572-1024x581.jpg\" alt=\"\" class=\"wp-image-2121\" srcset=\"https:\/\/lesindomptables.online\/wp-content\/uploads\/2024\/04\/f9404c10feac7646047f5dff0b2d3d01a3e82572-1024x581.jpg 1024w, https:\/\/lesindomptables.online\/wp-content\/uploads\/2024\/04\/f9404c10feac7646047f5dff0b2d3d01a3e82572-300x170.jpg 300w, https:\/\/lesindomptables.online\/wp-content\/uploads\/2024\/04\/f9404c10feac7646047f5dff0b2d3d01a3e82572-768x436.jpg 768w, https:\/\/lesindomptables.online\/wp-content\/uploads\/2024\/04\/f9404c10feac7646047f5dff0b2d3d01a3e82572-1536x872.jpg 1536w, https:\/\/lesindomptables.online\/wp-content\/uploads\/2024\/04\/f9404c10feac7646047f5dff0b2d3d01a3e82572-600x341.jpg 600w, https:\/\/lesindomptables.online\/wp-content\/uploads\/2024\/04\/f9404c10feac7646047f5dff0b2d3d01a3e82572.jpg 1800w\" sizes=\"(max-width: 1024px) 100vw, 1024px\" \/><\/figure>\n\n\n\n<p><em>La police a men\u00e9 ce mercredi des perquisitions \u00e0 la mairie du Havre dirig\u00e9e par l\u2019ex-chef du gouvernement Edouard Philippe, a inform\u00e9 Le Monde. Les perquisitions se sont d\u00e9roul\u00e9es dans le cadre de l\u2019enqu\u00eate du Parquet national financier (PNF).<\/em><\/p>\n\n\n\n<p>Les locaux de la mairie du Havre ont \u00e9t\u00e9 le th\u00e9\u00e2tre d&rsquo;une intervention polici\u00e8re remarqu\u00e9e ce mercredi. Les enqu\u00eateurs, agissant sous l&rsquo;\u00e9gide du Parquet national financier (PNF), ont men\u00e9 des perquisitions cibl\u00e9es, mettant en lumi\u00e8re une enqu\u00eate qui secoue la sph\u00e8re politique locale.<\/p>\n\n\n\n<p><strong>Soup\u00e7ons de Prise Ill\u00e9gale d&rsquo;Int\u00e9r\u00eats et Autres Charges : Une Affaire \u00c9clabousse Edouard Philippe<\/strong><\/p>\n\n\n\n<p><em>Le PNF a ouvert une enqu\u00eate pr\u00e9liminaire visant Edouard Philippe pour \u00ab\u00a0prise ill\u00e9gale d\u2019int\u00e9r\u00eats, d\u00e9tournement de fonds publics, favoritisme et harc\u00e8lement moral\u00a0\u00bb. Le journal pr\u00e9cise que les soup\u00e7ons sont li\u00e9s au syst\u00e8me de march\u00e9s publics organis\u00e9 dans l&rsquo;administration municipale sous M. Philippe.<\/em><\/p>\n\n\n\n<p>Des all\u00e9gations s\u00e9rieuses p\u00e8sent sur l&rsquo;ancien Premier Ministre fran\u00e7ais, Edouard Philippe. L&rsquo;enqu\u00eate du PNF r\u00e9v\u00e8le des accusations graves telles que la prise ill\u00e9gale d&rsquo;int\u00e9r\u00eats, le d\u00e9tournement de fonds publics, le favoritisme et m\u00eame le harc\u00e8lement moral. Ces charges sont \u00e9troitement li\u00e9es au fonctionnement du syst\u00e8me de march\u00e9s publics au sein de l&rsquo;administration municipale dirig\u00e9e par M. Philippe.<\/p>\n\n\n\n<p><strong>St\u00e9phanie de Bazelaire \u00c9galement Cibl\u00e9e par l&rsquo;Enqu\u00eate<\/strong><\/p>\n\n\n\n<p><em>Outre M. Philippe, l\u2019enqu\u00eate vise son adjointe charg\u00e9e de l\u2019innovation et du num\u00e9rique St\u00e9phanie de Bazelaire.<\/em><\/p>\n\n\n\n<p>L&rsquo;affaire ne se limite pas \u00e0 Edouard Philippe seul. St\u00e9phanie de Bazelaire, l&rsquo;adjointe en charge de l&rsquo;innovation et du num\u00e9rique, est \u00e9galement sous le feu des accusations. Les enqu\u00eateurs semblent \u00e9largir leur champ d&rsquo;investigation, jetant ainsi une lumi\u00e8re crue sur les pratiques administratives de la municipalit\u00e9 du Havre.<\/p>\n","protected":false},"excerpt":{"rendered":"<p>La police a men\u00e9 ce mercredi des perquisitions \u00e0 la mairie du Havre dirig\u00e9e par l\u2019ex-chef du gouvernement<\/p>\n","protected":false},"author":2,"featured_media":0,"comment_status":"open","ping_status":"open","sticky":false,"template":"","format":"standard","meta":{"om_disable_all_campaigns":false,"_monsterinsights_skip_tracking":false,"_monsterinsights_sitenote_active":false,"_monsterinsights_sitenote_note":"","_monsterinsights_sitenote_category":0,"_uf_show_specific_survey":0,"_uf_disable_surveys":false,"footnotes":""},"categories":[5],"tags":[727,728],"class_list":["post-2120","post","type-post","status-publish","format-standard","hentry","category-europe","tag-edouar-philippe","tag-perquisition"],"yoast_head":"<!-- This site is optimized with the Yoast SEO plugin v26.5 - https:\/\/yoast.com\/wordpress\/plugins\/seo\/ -->\n<title>Perquisitions \u00e0 la Mairie du Havre : Une Enqu\u00eate Vise Edouard Philippe et Son Adjointe. - Les indomptables<\/title>\n<meta name=\"robots\" content=\"index, follow, max-snippet:-1, max-image-preview:large, max-video-preview:-1\" \/>\n<link rel=\"canonical\" href=\"https:\/\/lesindomptables.online\/index.php\/2024\/04\/04\/perquisitions-a-la-mairie-du-havre-une-enquete-vise-edouard-philippe-et-son-adjointe\/\" \/>\n<meta property=\"og:locale\" content=\"fr_FR\" \/>\n<meta property=\"og:type\" content=\"article\" \/>\n<meta property=\"og:title\" content=\"Perquisitions \u00e0 la Mairie du Havre : Une Enqu\u00eate Vise Edouard Philippe et Son Adjointe. - Les indomptables\" \/>\n<meta property=\"og:description\" content=\"La police a men\u00e9 ce mercredi des perquisitions \u00e0 la mairie du Havre dirig\u00e9e par l\u2019ex-chef du gouvernement\" \/>\n<meta property=\"og:url\" content=\"https:\/\/lesindomptables.online\/index.php\/2024\/04\/04\/perquisitions-a-la-mairie-du-havre-une-enquete-vise-edouard-philippe-et-son-adjointe\/\" \/>\n<meta property=\"og:site_name\" content=\"Les indomptables\" \/>\n<meta property=\"article:author\" content=\"https:\/\/www.facebook.com\/diasporalion\/\" \/>\n<meta property=\"article:published_time\" content=\"2024-04-04T02:56:21+00:00\" \/>\n<meta property=\"article:modified_time\" content=\"2024-04-04T02:56:22+00:00\" \/>\n<meta property=\"og:image\" content=\"https:\/\/lesindomptables.online\/wp-content\/uploads\/2024\/04\/f9404c10feac7646047f5dff0b2d3d01a3e82572-1024x581.jpg\" \/>\n<meta name=\"author\" content=\"Franck Nama\" \/>\n<meta name=\"twitter:card\" content=\"summary_large_image\" \/>\n<meta name=\"twitter:label1\" content=\"\u00c9crit par\" \/>\n\t<meta name=\"twitter:data1\" content=\"Franck Nama\" \/>\n\t<meta name=\"twitter:label2\" content=\"Dur\u00e9e de lecture estim\u00e9e\" \/>\n\t<meta name=\"twitter:data2\" content=\"2 minutes\" \/>\n<script type=\"application\/ld+json\" class=\"yoast-schema-graph\">{\"@context\":\"https:\/\/schema.org\",\"@graph\":[{\"@type\":\"Article\",\"@id\":\"https:\/\/lesindomptables.online\/index.php\/2024\/04\/04\/perquisitions-a-la-mairie-du-havre-une-enquete-vise-edouard-philippe-et-son-adjointe\/#article\",\"isPartOf\":{\"@id\":\"https:\/\/lesindomptables.online\/index.php\/2024\/04\/04\/perquisitions-a-la-mairie-du-havre-une-enquete-vise-edouard-philippe-et-son-adjointe\/\"},\"author\":{\"name\":\"Franck Nama\",\"@id\":\"https:\/\/lesindomptables.online\/#\/schema\/person\/b65612aa14047e0ff6f0c9af0e0fe9e8\"},\"headline\":\"Perquisitions \u00e0 la Mairie du Havre : Une Enqu\u00eate Vise Edouard Philippe et Son Adjointe.\",\"datePublished\":\"2024-04-04T02:56:21+00:00\",\"dateModified\":\"2024-04-04T02:56:22+00:00\",\"mainEntityOfPage\":{\"@id\":\"https:\/\/lesindomptables.online\/index.php\/2024\/04\/04\/perquisitions-a-la-mairie-du-havre-une-enquete-vise-edouard-philippe-et-son-adjointe\/\"},\"wordCount\":351,\"commentCount\":0,\"publisher\":{\"@id\":\"https:\/\/lesindomptables.online\/#organization\"},\"image\":{\"@id\":\"https:\/\/lesindomptables.online\/index.php\/2024\/04\/04\/perquisitions-a-la-mairie-du-havre-une-enquete-vise-edouard-philippe-et-son-adjointe\/#primaryimage\"},\"thumbnailUrl\":\"https:\/\/lesindomptables.online\/wp-content\/uploads\/2024\/04\/f9404c10feac7646047f5dff0b2d3d01a3e82572-1024x581.jpg\",\"keywords\":[\"edouar philippe\",\"perquisition\"],\"articleSection\":[\"Europe\"],\"inLanguage\":\"fr-FR\",\"potentialAction\":[{\"@type\":\"CommentAction\",\"name\":\"Comment\",\"target\":[\"https:\/\/lesindomptables.online\/index.php\/2024\/04\/04\/perquisitions-a-la-mairie-du-havre-une-enquete-vise-edouard-philippe-et-son-adjointe\/#respond\"]}]},{\"@type\":\"WebPage\",\"@id\":\"https:\/\/lesindomptables.online\/index.php\/2024\/04\/04\/perquisitions-a-la-mairie-du-havre-une-enquete-vise-edouard-philippe-et-son-adjointe\/\",\"url\":\"https:\/\/lesindomptables.online\/index.php\/2024\/04\/04\/perquisitions-a-la-mairie-du-havre-une-enquete-vise-edouard-philippe-et-son-adjointe\/\",\"name\":\"Perquisitions \u00e0 la Mairie du Havre : Une Enqu\u00eate Vise Edouard Philippe et Son Adjointe. - Les indomptables\",\"isPartOf\":{\"@id\":\"https:\/\/lesindomptables.online\/#website\"},\"primaryImageOfPage\":{\"@id\":\"https:\/\/lesindomptables.online\/index.php\/2024\/04\/04\/perquisitions-a-la-mairie-du-havre-une-enquete-vise-edouard-philippe-et-son-adjointe\/#primaryimage\"},\"image\":{\"@id\":\"https:\/\/lesindomptables.online\/index.php\/2024\/04\/04\/perquisitions-a-la-mairie-du-havre-une-enquete-vise-edouard-philippe-et-son-adjointe\/#primaryimage\"},\"thumbnailUrl\":\"https:\/\/lesindomptables.online\/wp-content\/uploads\/2024\/04\/f9404c10feac7646047f5dff0b2d3d01a3e82572-1024x581.jpg\",\"datePublished\":\"2024-04-04T02:56:21+00:00\",\"dateModified\":\"2024-04-04T02:56:22+00:00\",\"breadcrumb\":{\"@id\":\"https:\/\/lesindomptables.online\/index.php\/2024\/04\/04\/perquisitions-a-la-mairie-du-havre-une-enquete-vise-edouard-philippe-et-son-adjointe\/#breadcrumb\"},\"inLanguage\":\"fr-FR\",\"potentialAction\":[{\"@type\":\"ReadAction\",\"target\":[\"https:\/\/lesindomptables.online\/index.php\/2024\/04\/04\/perquisitions-a-la-mairie-du-havre-une-enquete-vise-edouard-philippe-et-son-adjointe\/\"]}]},{\"@type\":\"ImageObject\",\"inLanguage\":\"fr-FR\",\"@id\":\"https:\/\/lesindomptables.online\/index.php\/2024\/04\/04\/perquisitions-a-la-mairie-du-havre-une-enquete-vise-edouard-philippe-et-son-adjointe\/#primaryimage\",\"url\":\"https:\/\/lesindomptables.online\/wp-content\/uploads\/2024\/04\/f9404c10feac7646047f5dff0b2d3d01a3e82572-1024x581.jpg\",\"contentUrl\":\"https:\/\/lesindomptables.online\/wp-content\/uploads\/2024\/04\/f9404c10feac7646047f5dff0b2d3d01a3e82572-1024x581.jpg\"},{\"@type\":\"BreadcrumbList\",\"@id\":\"https:\/\/lesindomptables.online\/index.php\/2024\/04\/04\/perquisitions-a-la-mairie-du-havre-une-enquete-vise-edouard-philippe-et-son-adjointe\/#breadcrumb\",\"itemListElement\":[{\"@type\":\"ListItem\",\"position\":1,\"name\":\"Accueil\",\"item\":\"https:\/\/lesindomptables.online\/\"},{\"@type\":\"ListItem\",\"position\":2,\"name\":\"Perquisitions \u00e0 la Mairie du Havre : Une Enqu\u00eate Vise Edouard Philippe et Son Adjointe.\"}]},{\"@type\":\"WebSite\",\"@id\":\"https:\/\/lesindomptables.online\/#website\",\"url\":\"https:\/\/lesindomptables.online\/\",\"name\":\"Les indomptables\",\"description\":\"Le Site des indomptables\",\"publisher\":{\"@id\":\"https:\/\/lesindomptables.online\/#organization\"},\"potentialAction\":[{\"@type\":\"SearchAction\",\"target\":{\"@type\":\"EntryPoint\",\"urlTemplate\":\"https:\/\/lesindomptables.online\/?s={search_term_string}\"},\"query-input\":{\"@type\":\"PropertyValueSpecification\",\"valueRequired\":true,\"valueName\":\"search_term_string\"}}],\"inLanguage\":\"fr-FR\"},{\"@type\":\"Organization\",\"@id\":\"https:\/\/lesindomptables.online\/#organization\",\"name\":\"Les indomptables\",\"url\":\"https:\/\/lesindomptables.online\/\",\"logo\":{\"@type\":\"ImageObject\",\"inLanguage\":\"fr-FR\",\"@id\":\"https:\/\/lesindomptables.online\/#\/schema\/logo\/image\/\",\"url\":\"https:\/\/lesindomptables.online\/wp-content\/uploads\/2023\/01\/cropped-logo_site-2.png\",\"contentUrl\":\"https:\/\/lesindomptables.online\/wp-content\/uploads\/2023\/01\/cropped-logo_site-2.png\",\"width\":249,\"height\":107,\"caption\":\"Les indomptables\"},\"image\":{\"@id\":\"https:\/\/lesindomptables.online\/#\/schema\/logo\/image\/\"}},{\"@type\":\"Person\",\"@id\":\"https:\/\/lesindomptables.online\/#\/schema\/person\/b65612aa14047e0ff6f0c9af0e0fe9e8\",\"name\":\"Franck Nama\",\"image\":{\"@type\":\"ImageObject\",\"inLanguage\":\"fr-FR\",\"@id\":\"https:\/\/lesindomptables.online\/#\/schema\/person\/image\/\",\"url\":\"https:\/\/secure.gravatar.com\/avatar\/86b5dfb356204adbf4ea184860ca163fe8c86fc8ca2dab9eda7603b9432462a7?s=96&d=mm&r=g\",\"contentUrl\":\"https:\/\/secure.gravatar.com\/avatar\/86b5dfb356204adbf4ea184860ca163fe8c86fc8ca2dab9eda7603b9432462a7?s=96&d=mm&r=g\",\"caption\":\"Franck Nama\"},\"sameAs\":[\"http:\/\/lesindomptables.online\",\"https:\/\/www.facebook.com\/diasporalion\/\",\"https:\/\/www.youtube.com\/@lesindomptables2919\/videos\"],\"url\":\"https:\/\/lesindomptables.online\/index.php\/author\/nama\/\"}]}<\/script>\n<!-- \/ Yoast SEO plugin. -->","yoast_head_json":{"title":"Perquisitions \u00e0 la Mairie du Havre : Une Enqu\u00eate Vise Edouard Philippe et Son Adjointe. - Les indomptables","robots":{"index":"index","follow":"follow","max-snippet":"max-snippet:-1","max-image-preview":"max-image-preview:large","max-video-preview":"max-video-preview:-1"},"canonical":"https:\/\/lesindomptables.online\/index.php\/2024\/04\/04\/perquisitions-a-la-mairie-du-havre-une-enquete-vise-edouard-philippe-et-son-adjointe\/","og_locale":"fr_FR","og_type":"article","og_title":"Perquisitions \u00e0 la Mairie du Havre : Une Enqu\u00eate Vise Edouard Philippe et Son Adjointe. - Les indomptables","og_description":"La police a men\u00e9 ce mercredi des perquisitions \u00e0 la mairie du Havre dirig\u00e9e par l\u2019ex-chef du gouvernement","og_url":"https:\/\/lesindomptables.online\/index.php\/2024\/04\/04\/perquisitions-a-la-mairie-du-havre-une-enquete-vise-edouard-philippe-et-son-adjointe\/","og_site_name":"Les indomptables","article_author":"https:\/\/www.facebook.com\/diasporalion\/","article_published_time":"2024-04-04T02:56:21+00:00","article_modified_time":"2024-04-04T02:56:22+00:00","og_image":[{"url":"https:\/\/lesindomptables.online\/wp-content\/uploads\/2024\/04\/f9404c10feac7646047f5dff0b2d3d01a3e82572-1024x581.jpg","type":"","width":"","height":""}],"author":"Franck Nama","twitter_card":"summary_large_image","twitter_misc":{"\u00c9crit par":"Franck Nama","Dur\u00e9e de lecture estim\u00e9e":"2 minutes"},"schema":{"@context":"https:\/\/schema.org","@graph":[{"@type":"Article","@id":"https:\/\/lesindomptables.online\/index.php\/2024\/04\/04\/perquisitions-a-la-mairie-du-havre-une-enquete-vise-edouard-philippe-et-son-adjointe\/#article","isPartOf":{"@id":"https:\/\/lesindomptables.online\/index.php\/2024\/04\/04\/perquisitions-a-la-mairie-du-havre-une-enquete-vise-edouard-philippe-et-son-adjointe\/"},"author":{"name":"Franck Nama","@id":"https:\/\/lesindomptables.online\/#\/schema\/person\/b65612aa14047e0ff6f0c9af0e0fe9e8"},"headline":"Perquisitions \u00e0 la Mairie du Havre : Une Enqu\u00eate Vise Edouard Philippe et Son Adjointe.","datePublished":"2024-04-04T02:56:21+00:00","dateModified":"2024-04-04T02:56:22+00:00","mainEntityOfPage":{"@id":"https:\/\/lesindomptables.online\/index.php\/2024\/04\/04\/perquisitions-a-la-mairie-du-havre-une-enquete-vise-edouard-philippe-et-son-adjointe\/"},"wordCount":351,"commentCount":0,"publisher":{"@id":"https:\/\/lesindomptables.online\/#organization"},"image":{"@id":"https:\/\/lesindomptables.online\/index.php\/2024\/04\/04\/perquisitions-a-la-mairie-du-havre-une-enquete-vise-edouard-philippe-et-son-adjointe\/#primaryimage"},"thumbnailUrl":"https:\/\/lesindomptables.online\/wp-content\/uploads\/2024\/04\/f9404c10feac7646047f5dff0b2d3d01a3e82572-1024x581.jpg","keywords":["edouar philippe","perquisition"],"articleSection":["Europe"],"inLanguage":"fr-FR","potentialAction":[{"@type":"CommentAction","name":"Comment","target":["https:\/\/lesindomptables.online\/index.php\/2024\/04\/04\/perquisitions-a-la-mairie-du-havre-une-enquete-vise-edouard-philippe-et-son-adjointe\/#respond"]}]},{"@type":"WebPage","@id":"https:\/\/lesindomptables.online\/index.php\/2024\/04\/04\/perquisitions-a-la-mairie-du-havre-une-enquete-vise-edouard-philippe-et-son-adjointe\/","url":"https:\/\/lesindomptables.online\/index.php\/2024\/04\/04\/perquisitions-a-la-mairie-du-havre-une-enquete-vise-edouard-philippe-et-son-adjointe\/","name":"Perquisitions \u00e0 la Mairie du Havre : Une Enqu\u00eate Vise Edouard Philippe et Son Adjointe. - Les indomptables","isPartOf":{"@id":"https:\/\/lesindomptables.online\/#website"},"primaryImageOfPage":{"@id":"https:\/\/lesindomptables.online\/index.php\/2024\/04\/04\/perquisitions-a-la-mairie-du-havre-une-enquete-vise-edouard-philippe-et-son-adjointe\/#primaryimage"},"image":{"@id":"https:\/\/lesindomptables.online\/index.php\/2024\/04\/04\/perquisitions-a-la-mairie-du-havre-une-enquete-vise-edouard-philippe-et-son-adjointe\/#primaryimage"},"thumbnailUrl":"https:\/\/lesindomptables.online\/wp-content\/uploads\/2024\/04\/f9404c10feac7646047f5dff0b2d3d01a3e82572-1024x581.jpg","datePublished":"2024-04-04T02:56:21+00:00","dateModified":"2024-04-04T02:56:22+00:00","breadcrumb":{"@id":"https:\/\/lesindomptables.online\/index.php\/2024\/04\/04\/perquisitions-a-la-mairie-du-havre-une-enquete-vise-edouard-philippe-et-son-adjointe\/#breadcrumb"},"inLanguage":"fr-FR","potentialAction":[{"@type":"ReadAction","target":["https:\/\/lesindomptables.online\/index.php\/2024\/04\/04\/perquisitions-a-la-mairie-du-havre-une-enquete-vise-edouard-philippe-et-son-adjointe\/"]}]},{"@type":"ImageObject","inLanguage":"fr-FR","@id":"https:\/\/lesindomptables.online\/index.php\/2024\/04\/04\/perquisitions-a-la-mairie-du-havre-une-enquete-vise-edouard-philippe-et-son-adjointe\/#primaryimage","url":"https:\/\/lesindomptables.online\/wp-content\/uploads\/2024\/04\/f9404c10feac7646047f5dff0b2d3d01a3e82572-1024x581.jpg","contentUrl":"https:\/\/lesindomptables.online\/wp-content\/uploads\/2024\/04\/f9404c10feac7646047f5dff0b2d3d01a3e82572-1024x581.jpg"},{"@type":"BreadcrumbList","@id":"https:\/\/lesindomptables.online\/index.php\/2024\/04\/04\/perquisitions-a-la-mairie-du-havre-une-enquete-vise-edouard-philippe-et-son-adjointe\/#breadcrumb","itemListElement":[{"@type":"ListItem","position":1,"name":"Accueil","item":"https:\/\/lesindomptables.online\/"},{"@type":"ListItem","position":2,"name":"Perquisitions \u00e0 la Mairie du Havre : Une Enqu\u00eate Vise Edouard Philippe et Son Adjointe."}]},{"@type":"WebSite","@id":"https:\/\/lesindomptables.online\/#website","url":"https:\/\/lesindomptables.online\/","name":"Les indomptables","description":"Le Site des indomptables","publisher":{"@id":"https:\/\/lesindomptables.online\/#organization"},"potentialAction":[{"@type":"SearchAction","target":{"@type":"EntryPoint","urlTemplate":"https:\/\/lesindomptables.online\/?s={search_term_string}"},"query-input":{"@type":"PropertyValueSpecification","valueRequired":true,"valueName":"search_term_string"}}],"inLanguage":"fr-FR"},{"@type":"Organization","@id":"https:\/\/lesindomptables.online\/#organization","name":"Les indomptables","url":"https:\/\/lesindomptables.online\/","logo":{"@type":"ImageObject","inLanguage":"fr-FR","@id":"https:\/\/lesindomptables.online\/#\/schema\/logo\/image\/","url":"https:\/\/lesindomptables.online\/wp-content\/uploads\/2023\/01\/cropped-logo_site-2.png","contentUrl":"https:\/\/lesindomptables.online\/wp-content\/uploads\/2023\/01\/cropped-logo_site-2.png","width":249,"height":107,"caption":"Les indomptables"},"image":{"@id":"https:\/\/lesindomptables.online\/#\/schema\/logo\/image\/"}},{"@type":"Person","@id":"https:\/\/lesindomptables.online\/#\/schema\/person\/b65612aa14047e0ff6f0c9af0e0fe9e8","name":"Franck Nama","image":{"@type":"ImageObject","inLanguage":"fr-FR","@id":"https:\/\/lesindomptables.online\/#\/schema\/person\/image\/","url":"https:\/\/secure.gravatar.com\/avatar\/86b5dfb356204adbf4ea184860ca163fe8c86fc8ca2dab9eda7603b9432462a7?s=96&d=mm&r=g","contentUrl":"https:\/\/secure.gravatar.com\/avatar\/86b5dfb356204adbf4ea184860ca163fe8c86fc8ca2dab9eda7603b9432462a7?s=96&d=mm&r=g","caption":"Franck Nama"},"sameAs":["http:\/\/lesindomptables.online","https:\/\/www.facebook.com\/diasporalion\/","https:\/\/www.youtube.com\/@lesindomptables2919\/videos"],"url":"https:\/\/lesindomptables.online\/index.php\/author\/nama\/"}]}},"featured_image_urls":{"full":"","thumbnail":"","medium":"","medium_large":"","large":"","1536x1536":"","2048x2048":"","morenews-featured":"","morenews-large":"","morenews-medium":"","woocommerce_thumbnail":"","woocommerce_single":"","woocommerce_gallery_thumbnail":""},"author_info":{"display_name":"Franck Nama","author_link":"https:\/\/lesindomptables.online\/index.php\/author\/nama\/"},"category_info":"<a href=\"https:\/\/lesindomptables.online\/index.php\/category\/europe\/\" rel=\"category tag\">Europe<\/a>","tag_info":"Europe","comment_count":"0","_links":{"self":[{"href":"https:\/\/lesindomptables.online\/index.php\/wp-json\/wp\/v2\/posts\/2120","targetHints":{"allow":["GET"]}}],"collection":[{"href":"https:\/\/lesindomptables.online\/index.php\/wp-json\/wp\/v2\/posts"}],"about":[{"href":"https:\/\/lesindomptables.online\/index.php\/wp-json\/wp\/v2\/types\/post"}],"author":[{"embeddable":true,"href":"https:\/\/lesindomptables.online\/index.php\/wp-json\/wp\/v2\/users\/2"}],"replies":[{"embeddable":true,"href":"https:\/\/lesindomptables.online\/index.php\/wp-json\/wp\/v2\/comments?post=2120"}],"version-history":[{"count":1,"href":"https:\/\/lesindomptables.online\/index.php\/wp-json\/wp\/v2\/posts\/2120\/revisions"}],"predecessor-version":[{"id":2122,"href":"https:\/\/lesindomptables.online\/index.php\/wp-json\/wp\/v2\/posts\/2120\/revisions\/2122"}],"wp:attachment":[{"href":"https:\/\/lesindomptables.online\/index.php\/wp-json\/wp\/v2\/media?parent=2120"}],"wp:term":[{"taxonomy":"category","embeddable":true,"href":"https:\/\/lesindomptables.online\/index.php\/wp-json\/wp\/v2\/categories?post=2120"},{"taxonomy":"post_tag","embeddable":true,"href":"https:\/\/lesindomptables.online\/index.php\/wp-json\/wp\/v2\/tags?post=2120"}],"curies":[{"name":"wp","href":"https:\/\/api.w.org\/{rel}","templated":true}]}}