{"id":2123,"date":"2024-04-04T03:07:40","date_gmt":"2024-04-04T03:07:40","guid":{"rendered":"https:\/\/lesindomptables.online\/?p=2123"},"modified":"2024-04-04T03:07:41","modified_gmt":"2024-04-04T03:07:41","slug":"attaque-mortelle-au-burkina-faso-au-moins-73-personnes-tuees","status":"publish","type":"post","link":"https:\/\/lesindomptables.online\/index.php\/2024\/04\/04\/attaque-mortelle-au-burkina-faso-au-moins-73-personnes-tuees\/","title":{"rendered":"Attaque Mortelle au Burkina Faso : Au Moins 73 Personnes Tu\u00e9es."},"content":{"rendered":"\n<figure class=\"wp-block-image size-large\"><img fetchpriority=\"high\" decoding=\"async\" width=\"1024\" height=\"768\" src=\"https:\/\/lesindomptables.online\/wp-content\/uploads\/2024\/04\/000_1OO75R-1024x768.jpg\" alt=\"\" class=\"wp-image-2124\" srcset=\"https:\/\/lesindomptables.online\/wp-content\/uploads\/2024\/04\/000_1OO75R-1024x768.jpg 1024w, https:\/\/lesindomptables.online\/wp-content\/uploads\/2024\/04\/000_1OO75R-300x225.jpg 300w, https:\/\/lesindomptables.online\/wp-content\/uploads\/2024\/04\/000_1OO75R-768x576.jpg 768w, https:\/\/lesindomptables.online\/wp-content\/uploads\/2024\/04\/000_1OO75R-600x450.jpg 600w, https:\/\/lesindomptables.online\/wp-content\/uploads\/2024\/04\/000_1OO75R.jpg 1280w\" sizes=\"(max-width: 1024px) 100vw, 1024px\" \/><\/figure>\n\n\n\n<p><em>Le groupe extr\u00e9miste Jnim revendique l&rsquo;attaque meurtri\u00e8re dans l&rsquo;est du pays.<\/em><\/p>\n\n\n\n<p>Une trag\u00e9die frappe le Burkina Faso alors qu&rsquo;au moins 73 personnes ont perdu la vie lors d&rsquo;une attaque brutale revendiqu\u00e9e par le groupe extr\u00e9miste Jnim. L&rsquo;incident s&rsquo;est d\u00e9roul\u00e9 dimanche 31 mars dans la province de Tapoa, \u00e0 l&rsquo;est du pays, o\u00f9 le d\u00e9tachement bas\u00e9 \u00e0 Tawori a \u00e9t\u00e9 pris pour cible.<\/p>\n\n\n\n<p><strong>Assaut Sanglant par des Hommes Arm\u00e9s<\/strong><\/p>\n\n\n\n<p><em>Les assaillants ont d\u00e9barqu\u00e9 avec 200 motos, selon les t\u00e9moignages.<\/em><\/p>\n\n\n\n<p>Des hommes arm\u00e9s ont lanc\u00e9 un assaut violent sur le d\u00e9tachement de Tawori, arrivant sur pr\u00e8s de 200 motos dans l&rsquo;apr\u00e8s-midi apr\u00e8s 16 heures. Les combats ont fait rage pendant environ une heure avant que les assaillants ne prennent totalement le camp. Parmi les victimes d\u00e9plor\u00e9es, on compte 16 militaires, 25 volontaires et plusieurs civils innocents, plongeant le pays dans le deuil et l&rsquo;indignation.<\/p>\n","protected":false},"excerpt":{"rendered":"<p>Le groupe extr\u00e9miste Jnim revendique l&rsquo;attaque meurtri\u00e8re dans l&rsquo;est du pays. Une trag\u00e9die frappe le Burkina Faso alors<\/p>\n","protected":false},"author":9,"featured_media":0,"comment_status":"open","ping_status":"open","sticky":false,"template":"","format":"standard","meta":{"om_disable_all_campaigns":false,"_monsterinsights_skip_tracking":false,"_monsterinsights_sitenote_active":false,"_monsterinsights_sitenote_note":"","_monsterinsights_sitenote_category":0,"_uf_show_specific_survey":0,"_uf_disable_surveys":false,"footnotes":""},"categories":[4,304],"tags":[730,729],"class_list":["post-2123","post","type-post","status-publish","format-standard","hentry","category-afrique","category-geopolitique-afrique","tag-73-morts","tag-burkina-faso"],"yoast_head":"<!-- This site is optimized with the Yoast SEO plugin v26.5 - https:\/\/yoast.com\/wordpress\/plugins\/seo\/ -->\n<title>Attaque Mortelle au Burkina Faso : Au Moins 73 Personnes Tu\u00e9es. - Les indomptables<\/title>\n<meta name=\"robots\" content=\"index, follow, max-snippet:-1, max-image-preview:large, max-video-preview:-1\" \/>\n<link rel=\"canonical\" href=\"https:\/\/lesindomptables.online\/index.php\/2024\/04\/04\/attaque-mortelle-au-burkina-faso-au-moins-73-personnes-tuees\/\" \/>\n<meta property=\"og:locale\" content=\"fr_FR\" \/>\n<meta property=\"og:type\" content=\"article\" \/>\n<meta property=\"og:title\" content=\"Attaque Mortelle au Burkina Faso : Au Moins 73 Personnes Tu\u00e9es. - Les indomptables\" \/>\n<meta property=\"og:description\" content=\"Le groupe extr\u00e9miste Jnim revendique l&rsquo;attaque meurtri\u00e8re dans l&rsquo;est du pays. Une trag\u00e9die frappe le Burkina Faso alors\" \/>\n<meta property=\"og:url\" content=\"https:\/\/lesindomptables.online\/index.php\/2024\/04\/04\/attaque-mortelle-au-burkina-faso-au-moins-73-personnes-tuees\/\" \/>\n<meta property=\"og:site_name\" content=\"Les indomptables\" \/>\n<meta property=\"article:published_time\" content=\"2024-04-04T03:07:40+00:00\" \/>\n<meta property=\"article:modified_time\" content=\"2024-04-04T03:07:41+00:00\" \/>\n<meta property=\"og:image\" content=\"https:\/\/lesindomptables.online\/wp-content\/uploads\/2024\/04\/000_1OO75R-1024x768.jpg\" \/>\n<meta name=\"author\" content=\"Guy Alain Maben Nsang\" \/>\n<meta name=\"twitter:card\" content=\"summary_large_image\" \/>\n<meta name=\"twitter:label1\" content=\"\u00c9crit par\" \/>\n\t<meta name=\"twitter:data1\" content=\"Guy Alain Maben Nsang\" \/>\n\t<meta name=\"twitter:label2\" content=\"Dur\u00e9e de lecture estim\u00e9e\" \/>\n\t<meta name=\"twitter:data2\" content=\"1 minute\" \/>\n<script type=\"application\/ld+json\" class=\"yoast-schema-graph\">{\"@context\":\"https:\/\/schema.org\",\"@graph\":[{\"@type\":\"Article\",\"@id\":\"https:\/\/lesindomptables.online\/index.php\/2024\/04\/04\/attaque-mortelle-au-burkina-faso-au-moins-73-personnes-tuees\/#article\",\"isPartOf\":{\"@id\":\"https:\/\/lesindomptables.online\/index.php\/2024\/04\/04\/attaque-mortelle-au-burkina-faso-au-moins-73-personnes-tuees\/\"},\"author\":{\"name\":\"Guy Alain Maben Nsang\",\"@id\":\"https:\/\/lesindomptables.online\/#\/schema\/person\/ec20b38c42683a39d8aa2db5ca6f1614\"},\"headline\":\"Attaque Mortelle au Burkina Faso : Au Moins 73 Personnes Tu\u00e9es.\",\"datePublished\":\"2024-04-04T03:07:40+00:00\",\"dateModified\":\"2024-04-04T03:07:41+00:00\",\"mainEntityOfPage\":{\"@id\":\"https:\/\/lesindomptables.online\/index.php\/2024\/04\/04\/attaque-mortelle-au-burkina-faso-au-moins-73-personnes-tuees\/\"},\"wordCount\":169,\"commentCount\":0,\"publisher\":{\"@id\":\"https:\/\/lesindomptables.online\/#organization\"},\"image\":{\"@id\":\"https:\/\/lesindomptables.online\/index.php\/2024\/04\/04\/attaque-mortelle-au-burkina-faso-au-moins-73-personnes-tuees\/#primaryimage\"},\"thumbnailUrl\":\"https:\/\/lesindomptables.online\/wp-content\/uploads\/2024\/04\/000_1OO75R-1024x768.jpg\",\"keywords\":[\"73 morts\",\"burkina faso\"],\"articleSection\":[\"Afrique\",\"G\u00e9opolitique\"],\"inLanguage\":\"fr-FR\",\"potentialAction\":[{\"@type\":\"CommentAction\",\"name\":\"Comment\",\"target\":[\"https:\/\/lesindomptables.online\/index.php\/2024\/04\/04\/attaque-mortelle-au-burkina-faso-au-moins-73-personnes-tuees\/#respond\"]}]},{\"@type\":\"WebPage\",\"@id\":\"https:\/\/lesindomptables.online\/index.php\/2024\/04\/04\/attaque-mortelle-au-burkina-faso-au-moins-73-personnes-tuees\/\",\"url\":\"https:\/\/lesindomptables.online\/index.php\/2024\/04\/04\/attaque-mortelle-au-burkina-faso-au-moins-73-personnes-tuees\/\",\"name\":\"Attaque Mortelle au Burkina Faso : Au Moins 73 Personnes Tu\u00e9es. - Les indomptables\",\"isPartOf\":{\"@id\":\"https:\/\/lesindomptables.online\/#website\"},\"primaryImageOfPage\":{\"@id\":\"https:\/\/lesindomptables.online\/index.php\/2024\/04\/04\/attaque-mortelle-au-burkina-faso-au-moins-73-personnes-tuees\/#primaryimage\"},\"image\":{\"@id\":\"https:\/\/lesindomptables.online\/index.php\/2024\/04\/04\/attaque-mortelle-au-burkina-faso-au-moins-73-personnes-tuees\/#primaryimage\"},\"thumbnailUrl\":\"https:\/\/lesindomptables.online\/wp-content\/uploads\/2024\/04\/000_1OO75R-1024x768.jpg\",\"datePublished\":\"2024-04-04T03:07:40+00:00\",\"dateModified\":\"2024-04-04T03:07:41+00:00\",\"breadcrumb\":{\"@id\":\"https:\/\/lesindomptables.online\/index.php\/2024\/04\/04\/attaque-mortelle-au-burkina-faso-au-moins-73-personnes-tuees\/#breadcrumb\"},\"inLanguage\":\"fr-FR\",\"potentialAction\":[{\"@type\":\"ReadAction\",\"target\":[\"https:\/\/lesindomptables.online\/index.php\/2024\/04\/04\/attaque-mortelle-au-burkina-faso-au-moins-73-personnes-tuees\/\"]}]},{\"@type\":\"ImageObject\",\"inLanguage\":\"fr-FR\",\"@id\":\"https:\/\/lesindomptables.online\/index.php\/2024\/04\/04\/attaque-mortelle-au-burkina-faso-au-moins-73-personnes-tuees\/#primaryimage\",\"url\":\"https:\/\/lesindomptables.online\/wp-content\/uploads\/2024\/04\/000_1OO75R-1024x768.jpg\",\"contentUrl\":\"https:\/\/lesindomptables.online\/wp-content\/uploads\/2024\/04\/000_1OO75R-1024x768.jpg\"},{\"@type\":\"BreadcrumbList\",\"@id\":\"https:\/\/lesindomptables.online\/index.php\/2024\/04\/04\/attaque-mortelle-au-burkina-faso-au-moins-73-personnes-tuees\/#breadcrumb\",\"itemListElement\":[{\"@type\":\"ListItem\",\"position\":1,\"name\":\"Accueil\",\"item\":\"https:\/\/lesindomptables.online\/\"},{\"@type\":\"ListItem\",\"position\":2,\"name\":\"Attaque Mortelle au Burkina Faso : Au Moins 73 Personnes Tu\u00e9es.\"}]},{\"@type\":\"WebSite\",\"@id\":\"https:\/\/lesindomptables.online\/#website\",\"url\":\"https:\/\/lesindomptables.online\/\",\"name\":\"Les indomptables\",\"description\":\"Le Site des indomptables\",\"publisher\":{\"@id\":\"https:\/\/lesindomptables.online\/#organization\"},\"potentialAction\":[{\"@type\":\"SearchAction\",\"target\":{\"@type\":\"EntryPoint\",\"urlTemplate\":\"https:\/\/lesindomptables.online\/?s={search_term_string}\"},\"query-input\":{\"@type\":\"PropertyValueSpecification\",\"valueRequired\":true,\"valueName\":\"search_term_string\"}}],\"inLanguage\":\"fr-FR\"},{\"@type\":\"Organization\",\"@id\":\"https:\/\/lesindomptables.online\/#organization\",\"name\":\"Les indomptables\",\"url\":\"https:\/\/lesindomptables.online\/\",\"logo\":{\"@type\":\"ImageObject\",\"inLanguage\":\"fr-FR\",\"@id\":\"https:\/\/lesindomptables.online\/#\/schema\/logo\/image\/\",\"url\":\"https:\/\/lesindomptables.online\/wp-content\/uploads\/2023\/01\/cropped-logo_site-2.png\",\"contentUrl\":\"https:\/\/lesindomptables.online\/wp-content\/uploads\/2023\/01\/cropped-logo_site-2.png\",\"width\":249,\"height\":107,\"caption\":\"Les indomptables\"},\"image\":{\"@id\":\"https:\/\/lesindomptables.online\/#\/schema\/logo\/image\/\"}},{\"@type\":\"Person\",\"@id\":\"https:\/\/lesindomptables.online\/#\/schema\/person\/ec20b38c42683a39d8aa2db5ca6f1614\",\"name\":\"Guy Alain Maben Nsang\",\"image\":{\"@type\":\"ImageObject\",\"inLanguage\":\"fr-FR\",\"@id\":\"https:\/\/lesindomptables.online\/#\/schema\/person\/image\/\",\"url\":\"https:\/\/secure.gravatar.com\/avatar\/65a8ecf8d052c3e1474828f887eb64bef66d8645b25ea4be6a95a67d56612ca1?s=96&d=mm&r=g\",\"contentUrl\":\"https:\/\/secure.gravatar.com\/avatar\/65a8ecf8d052c3e1474828f887eb64bef66d8645b25ea4be6a95a67d56612ca1?s=96&d=mm&r=g\",\"caption\":\"Guy Alain Maben Nsang\"},\"sameAs\":[\"http:\/\/lesindomptables.online\"],\"url\":\"https:\/\/lesindomptables.online\/index.php\/author\/maben\/\"}]}<\/script>\n<!-- \/ Yoast SEO plugin. -->","yoast_head_json":{"title":"Attaque Mortelle au Burkina Faso : Au Moins 73 Personnes Tu\u00e9es. - Les indomptables","robots":{"index":"index","follow":"follow","max-snippet":"max-snippet:-1","max-image-preview":"max-image-preview:large","max-video-preview":"max-video-preview:-1"},"canonical":"https:\/\/lesindomptables.online\/index.php\/2024\/04\/04\/attaque-mortelle-au-burkina-faso-au-moins-73-personnes-tuees\/","og_locale":"fr_FR","og_type":"article","og_title":"Attaque Mortelle au Burkina Faso : Au Moins 73 Personnes Tu\u00e9es. - Les indomptables","og_description":"Le groupe extr\u00e9miste Jnim revendique l&rsquo;attaque meurtri\u00e8re dans l&rsquo;est du pays. Une trag\u00e9die frappe le Burkina Faso alors","og_url":"https:\/\/lesindomptables.online\/index.php\/2024\/04\/04\/attaque-mortelle-au-burkina-faso-au-moins-73-personnes-tuees\/","og_site_name":"Les indomptables","article_published_time":"2024-04-04T03:07:40+00:00","article_modified_time":"2024-04-04T03:07:41+00:00","og_image":[{"url":"https:\/\/lesindomptables.online\/wp-content\/uploads\/2024\/04\/000_1OO75R-1024x768.jpg","type":"","width":"","height":""}],"author":"Guy Alain Maben Nsang","twitter_card":"summary_large_image","twitter_misc":{"\u00c9crit par":"Guy Alain Maben Nsang","Dur\u00e9e de lecture estim\u00e9e":"1 minute"},"schema":{"@context":"https:\/\/schema.org","@graph":[{"@type":"Article","@id":"https:\/\/lesindomptables.online\/index.php\/2024\/04\/04\/attaque-mortelle-au-burkina-faso-au-moins-73-personnes-tuees\/#article","isPartOf":{"@id":"https:\/\/lesindomptables.online\/index.php\/2024\/04\/04\/attaque-mortelle-au-burkina-faso-au-moins-73-personnes-tuees\/"},"author":{"name":"Guy Alain Maben Nsang","@id":"https:\/\/lesindomptables.online\/#\/schema\/person\/ec20b38c42683a39d8aa2db5ca6f1614"},"headline":"Attaque Mortelle au Burkina Faso : Au Moins 73 Personnes Tu\u00e9es.","datePublished":"2024-04-04T03:07:40+00:00","dateModified":"2024-04-04T03:07:41+00:00","mainEntityOfPage":{"@id":"https:\/\/lesindomptables.online\/index.php\/2024\/04\/04\/attaque-mortelle-au-burkina-faso-au-moins-73-personnes-tuees\/"},"wordCount":169,"commentCount":0,"publisher":{"@id":"https:\/\/lesindomptables.online\/#organization"},"image":{"@id":"https:\/\/lesindomptables.online\/index.php\/2024\/04\/04\/attaque-mortelle-au-burkina-faso-au-moins-73-personnes-tuees\/#primaryimage"},"thumbnailUrl":"https:\/\/lesindomptables.online\/wp-content\/uploads\/2024\/04\/000_1OO75R-1024x768.jpg","keywords":["73 morts","burkina faso"],"articleSection":["Afrique","G\u00e9opolitique"],"inLanguage":"fr-FR","potentialAction":[{"@type":"CommentAction","name":"Comment","target":["https:\/\/lesindomptables.online\/index.php\/2024\/04\/04\/attaque-mortelle-au-burkina-faso-au-moins-73-personnes-tuees\/#respond"]}]},{"@type":"WebPage","@id":"https:\/\/lesindomptables.online\/index.php\/2024\/04\/04\/attaque-mortelle-au-burkina-faso-au-moins-73-personnes-tuees\/","url":"https:\/\/lesindomptables.online\/index.php\/2024\/04\/04\/attaque-mortelle-au-burkina-faso-au-moins-73-personnes-tuees\/","name":"Attaque Mortelle au Burkina Faso : Au Moins 73 Personnes Tu\u00e9es. - Les indomptables","isPartOf":{"@id":"https:\/\/lesindomptables.online\/#website"},"primaryImageOfPage":{"@id":"https:\/\/lesindomptables.online\/index.php\/2024\/04\/04\/attaque-mortelle-au-burkina-faso-au-moins-73-personnes-tuees\/#primaryimage"},"image":{"@id":"https:\/\/lesindomptables.online\/index.php\/2024\/04\/04\/attaque-mortelle-au-burkina-faso-au-moins-73-personnes-tuees\/#primaryimage"},"thumbnailUrl":"https:\/\/lesindomptables.online\/wp-content\/uploads\/2024\/04\/000_1OO75R-1024x768.jpg","datePublished":"2024-04-04T03:07:40+00:00","dateModified":"2024-04-04T03:07:41+00:00","breadcrumb":{"@id":"https:\/\/lesindomptables.online\/index.php\/2024\/04\/04\/attaque-mortelle-au-burkina-faso-au-moins-73-personnes-tuees\/#breadcrumb"},"inLanguage":"fr-FR","potentialAction":[{"@type":"ReadAction","target":["https:\/\/lesindomptables.online\/index.php\/2024\/04\/04\/attaque-mortelle-au-burkina-faso-au-moins-73-personnes-tuees\/"]}]},{"@type":"ImageObject","inLanguage":"fr-FR","@id":"https:\/\/lesindomptables.online\/index.php\/2024\/04\/04\/attaque-mortelle-au-burkina-faso-au-moins-73-personnes-tuees\/#primaryimage","url":"https:\/\/lesindomptables.online\/wp-content\/uploads\/2024\/04\/000_1OO75R-1024x768.jpg","contentUrl":"https:\/\/lesindomptables.online\/wp-content\/uploads\/2024\/04\/000_1OO75R-1024x768.jpg"},{"@type":"BreadcrumbList","@id":"https:\/\/lesindomptables.online\/index.php\/2024\/04\/04\/attaque-mortelle-au-burkina-faso-au-moins-73-personnes-tuees\/#breadcrumb","itemListElement":[{"@type":"ListItem","position":1,"name":"Accueil","item":"https:\/\/lesindomptables.online\/"},{"@type":"ListItem","position":2,"name":"Attaque Mortelle au Burkina Faso : Au Moins 73 Personnes Tu\u00e9es."}]},{"@type":"WebSite","@id":"https:\/\/lesindomptables.online\/#website","url":"https:\/\/lesindomptables.online\/","name":"Les indomptables","description":"Le Site des indomptables","publisher":{"@id":"https:\/\/lesindomptables.online\/#organization"},"potentialAction":[{"@type":"SearchAction","target":{"@type":"EntryPoint","urlTemplate":"https:\/\/lesindomptables.online\/?s={search_term_string}"},"query-input":{"@type":"PropertyValueSpecification","valueRequired":true,"valueName":"search_term_string"}}],"inLanguage":"fr-FR"},{"@type":"Organization","@id":"https:\/\/lesindomptables.online\/#organization","name":"Les indomptables","url":"https:\/\/lesindomptables.online\/","logo":{"@type":"ImageObject","inLanguage":"fr-FR","@id":"https:\/\/lesindomptables.online\/#\/schema\/logo\/image\/","url":"https:\/\/lesindomptables.online\/wp-content\/uploads\/2023\/01\/cropped-logo_site-2.png","contentUrl":"https:\/\/lesindomptables.online\/wp-content\/uploads\/2023\/01\/cropped-logo_site-2.png","width":249,"height":107,"caption":"Les indomptables"},"image":{"@id":"https:\/\/lesindomptables.online\/#\/schema\/logo\/image\/"}},{"@type":"Person","@id":"https:\/\/lesindomptables.online\/#\/schema\/person\/ec20b38c42683a39d8aa2db5ca6f1614","name":"Guy Alain Maben Nsang","image":{"@type":"ImageObject","inLanguage":"fr-FR","@id":"https:\/\/lesindomptables.online\/#\/schema\/person\/image\/","url":"https:\/\/secure.gravatar.com\/avatar\/65a8ecf8d052c3e1474828f887eb64bef66d8645b25ea4be6a95a67d56612ca1?s=96&d=mm&r=g","contentUrl":"https:\/\/secure.gravatar.com\/avatar\/65a8ecf8d052c3e1474828f887eb64bef66d8645b25ea4be6a95a67d56612ca1?s=96&d=mm&r=g","caption":"Guy Alain Maben Nsang"},"sameAs":["http:\/\/lesindomptables.online"],"url":"https:\/\/lesindomptables.online\/index.php\/author\/maben\/"}]}},"featured_image_urls":{"full":"","thumbnail":"","medium":"","medium_large":"","large":"","1536x1536":"","2048x2048":"","morenews-featured":"","morenews-large":"","morenews-medium":"","woocommerce_thumbnail":"","woocommerce_single":"","woocommerce_gallery_thumbnail":""},"author_info":{"display_name":"Guy Alain Maben Nsang","author_link":"https:\/\/lesindomptables.online\/index.php\/author\/maben\/"},"category_info":"<a href=\"https:\/\/lesindomptables.online\/index.php\/category\/afrique\/\" rel=\"category tag\">Afrique<\/a> <a href=\"https:\/\/lesindomptables.online\/index.php\/category\/afrique\/geopolitique-afrique\/\" rel=\"category tag\">G\u00e9opolitique<\/a>","tag_info":"G\u00e9opolitique","comment_count":"0","_links":{"self":[{"href":"https:\/\/lesindomptables.online\/index.php\/wp-json\/wp\/v2\/posts\/2123","targetHints":{"allow":["GET"]}}],"collection":[{"href":"https:\/\/lesindomptables.online\/index.php\/wp-json\/wp\/v2\/posts"}],"about":[{"href":"https:\/\/lesindomptables.online\/index.php\/wp-json\/wp\/v2\/types\/post"}],"author":[{"embeddable":true,"href":"https:\/\/lesindomptables.online\/index.php\/wp-json\/wp\/v2\/users\/9"}],"replies":[{"embeddable":true,"href":"https:\/\/lesindomptables.online\/index.php\/wp-json\/wp\/v2\/comments?post=2123"}],"version-history":[{"count":1,"href":"https:\/\/lesindomptables.online\/index.php\/wp-json\/wp\/v2\/posts\/2123\/revisions"}],"predecessor-version":[{"id":2125,"href":"https:\/\/lesindomptables.online\/index.php\/wp-json\/wp\/v2\/posts\/2123\/revisions\/2125"}],"wp:attachment":[{"href":"https:\/\/lesindomptables.online\/index.php\/wp-json\/wp\/v2\/media?parent=2123"}],"wp:term":[{"taxonomy":"category","embeddable":true,"href":"https:\/\/lesindomptables.online\/index.php\/wp-json\/wp\/v2\/categories?post=2123"},{"taxonomy":"post_tag","embeddable":true,"href":"https:\/\/lesindomptables.online\/index.php\/wp-json\/wp\/v2\/tags?post=2123"}],"curies":[{"name":"wp","href":"https:\/\/api.w.org\/{rel}","templated":true}]}}